
{"id":3552,"date":"2025-03-03T11:25:48","date_gmt":"2025-03-03T10:25:48","guid":{"rendered":"https:\/\/passerelle2.ac-nantes.fr\/ecolesalainetmichelet\/?p=3552"},"modified":"2025-03-03T11:25:48","modified_gmt":"2025-03-03T10:25:48","slug":"anniversaires-de-janvier","status":"publish","type":"post","link":"https:\/\/passerelle2.ac-nantes.fr\/ecolesalainetmichelet\/2025\/03\/03\/anniversaires-de-janvier\/","title":{"rendered":"Anniversaires de janvier"},"content":{"rendered":"<p>Pablo et Simone ont souffl\u00e9 les bougies de leurs 6 ans le 31 janvier. Marianne et Nour avaient aussi leurs anniversaires au mois de janvier mais elles n&rsquo;ont pas pu souffler leurs bougies \u00e0 l&rsquo;\u00e9cole car elles \u00e9taient malades. Les pauvres cocottes !! \ud83d\udc14\ud83d\udc14\ud83d\udc14\ud83d\udc14\ud83d\udc14<\/p>\n<p>Les g\u00e2teaux au chocolat avaient \u00e9t\u00e9 fait par les enfants de la classe de G\u00e9raldine. Ils \u00e9taient tr\u00e8s bons.&nbsp;<\/p>\n\n\n<figure class=\"wp-block-gallery has-nested-images columns-default is-cropped wp-block-gallery-1 is-layout-flex wp-block-gallery-is-layout-flex\">\n<figure class=\"wp-block-image size-large\"><img loading=\"lazy\" decoding=\"async\" width=\"450\" height=\"600\" data-id=\"3557\" src=\"https:\/\/passerelle2.ac-nantes.fr\/ecolesalainetmichelet\/wp-content\/uploads\/sites\/818\/2025\/03\/IMG_6929.jpg.jpeg\" alt=\"\" class=\"wp-image-3557\" srcset=\"https:\/\/passerelle2.ac-nantes.fr\/ecolesalainetmichelet\/wp-content\/uploads\/sites\/818\/2025\/03\/IMG_6929.jpg.jpeg 450w, https:\/\/passerelle2.ac-nantes.fr\/ecolesalainetmichelet\/wp-content\/uploads\/sites\/818\/2025\/03\/IMG_6929.jpg-225x300.jpeg 225w\" sizes=\"auto, (max-width: 450px) 100vw, 450px\" \/><\/figure>\n\n\n\n<figure class=\"wp-block-image size-large\"><img loading=\"lazy\" decoding=\"async\" width=\"450\" height=\"600\" data-id=\"3556\" src=\"https:\/\/passerelle2.ac-nantes.fr\/ecolesalainetmichelet\/wp-content\/uploads\/sites\/818\/2025\/03\/IMG_6927.jpg.jpeg\" alt=\"\" class=\"wp-image-3556\" srcset=\"https:\/\/passerelle2.ac-nantes.fr\/ecolesalainetmichelet\/wp-content\/uploads\/sites\/818\/2025\/03\/IMG_6927.jpg.jpeg 450w, https:\/\/passerelle2.ac-nantes.fr\/ecolesalainetmichelet\/wp-content\/uploads\/sites\/818\/2025\/03\/IMG_6927.jpg-225x300.jpeg 225w\" sizes=\"auto, (max-width: 450px) 100vw, 450px\" \/><\/figure>\n\n\n\n<figure class=\"wp-block-image size-large\"><img loading=\"lazy\" decoding=\"async\" width=\"450\" height=\"600\" data-id=\"3558\" src=\"https:\/\/passerelle2.ac-nantes.fr\/ecolesalainetmichelet\/wp-content\/uploads\/sites\/818\/2025\/03\/IMG_6926.jpg.jpeg\" alt=\"\" class=\"wp-image-3558\" srcset=\"https:\/\/passerelle2.ac-nantes.fr\/ecolesalainetmichelet\/wp-content\/uploads\/sites\/818\/2025\/03\/IMG_6926.jpg.jpeg 450w, https:\/\/passerelle2.ac-nantes.fr\/ecolesalainetmichelet\/wp-content\/uploads\/sites\/818\/2025\/03\/IMG_6926.jpg-225x300.jpeg 225w\" sizes=\"auto, (max-width: 450px) 100vw, 450px\" \/><\/figure>\n<\/figure>\n\n\n\n<p><\/p>\n","protected":false},"excerpt":{"rendered":"<p>Pablo et Simone ont souffl\u00e9 les bougies de leurs 6 ans le 31 janvier. Marianne et Nour avaient aussi leurs anniversaires au mois de janvier mais elles n&rsquo;ont pas pu souffler leurs bougies \u00e0 l&rsquo;\u00e9cole car elles \u00e9taient malades. Les &hellip; <a href=\"https:\/\/passerelle2.ac-nantes.fr\/ecolesalainetmichelet\/2025\/03\/03\/anniversaires-de-janvier\/\">Continuer la lecture <span class=\"meta-nav\">&rarr;<\/span><\/a><\/p>\n","protected":false},"author":1863,"featured_media":0,"comment_status":"closed","ping_status":"closed","sticky":false,"template":"","format":"standard","meta":{"ngg_post_thumbnail":0,"h5ap_radio_sources":[],"footnotes":""},"categories":[14,15],"tags":[],"post_folder":[],"class_list":["post-3552","post","type-post","status-publish","format-standard","hentry","category-classe-de-sebastien","category-lecole-michelet"],"jetpack_featured_media_url":"","_links":{"self":[{"href":"https:\/\/passerelle2.ac-nantes.fr\/ecolesalainetmichelet\/wp-json\/wp\/v2\/posts\/3552","targetHints":{"allow":["GET"]}}],"collection":[{"href":"https:\/\/passerelle2.ac-nantes.fr\/ecolesalainetmichelet\/wp-json\/wp\/v2\/posts"}],"about":[{"href":"https:\/\/passerelle2.ac-nantes.fr\/ecolesalainetmichelet\/wp-json\/wp\/v2\/types\/post"}],"author":[{"embeddable":true,"href":"https:\/\/passerelle2.ac-nantes.fr\/ecolesalainetmichelet\/wp-json\/wp\/v2\/users\/1863"}],"replies":[{"embeddable":true,"href":"https:\/\/passerelle2.ac-nantes.fr\/ecolesalainetmichelet\/wp-json\/wp\/v2\/comments?post=3552"}],"version-history":[{"count":0,"href":"https:\/\/passerelle2.ac-nantes.fr\/ecolesalainetmichelet\/wp-json\/wp\/v2\/posts\/3552\/revisions"}],"wp:attachment":[{"href":"https:\/\/passerelle2.ac-nantes.fr\/ecolesalainetmichelet\/wp-json\/wp\/v2\/media?parent=3552"}],"wp:term":[{"taxonomy":"category","embeddable":true,"href":"https:\/\/passerelle2.ac-nantes.fr\/ecolesalainetmichelet\/wp-json\/wp\/v2\/categories?post=3552"},{"taxonomy":"post_tag","embeddable":true,"href":"https:\/\/passerelle2.ac-nantes.fr\/ecolesalainetmichelet\/wp-json\/wp\/v2\/tags?post=3552"},{"taxonomy":"post_folder","embeddable":true,"href":"https:\/\/passerelle2.ac-nantes.fr\/ecolesalainetmichelet\/wp-json\/wp\/v2\/post_folder?post=3552"}],"curies":[{"name":"wp","href":"https:\/\/api.w.org\/{rel}","templated":true}]}}