
{"id":25424,"date":"2020-12-13T20:59:38","date_gmt":"2020-12-13T19:59:38","guid":{"rendered":"https:\/\/passerelle2.ac-nantes.fr\/labrulatte-lagravelle\/?p=25424"},"modified":"2021-08-30T21:50:49","modified_gmt":"2021-08-30T19:50:49","slug":"la-zone-humide-au-mois-de-decembre","status":"publish","type":"post","link":"https:\/\/passerelle2.ac-nantes.fr\/labrulatte-lagravelle\/2020\/12\/13\/la-zone-humide-au-mois-de-decembre\/","title":{"rendered":"La zone humide au mois de d\u00e9cembre"},"content":{"rendered":"\n<div id='gallery-1' class='gallery galleryid-25424 gallery-columns-3 gallery-size-thumbnail'><dl class='gallery-item'>\n\t\t\t<dt class='gallery-icon portrait'>\n\t\t\t\t<a href='https:\/\/passerelle2.ac-nantes.fr\/labrulatte-lagravelle\/2020\/12\/13\/la-zone-humide-au-mois-de-decembre\/preparation-sortie-1\/'><img loading=\"lazy\" decoding=\"async\" width=\"150\" height=\"150\" src=\"https:\/\/passerelle2.ac-nantes.fr\/labrulatte-lagravelle\/wp-content\/uploads\/sites\/96\/2020\/12\/Pr\u00e9paration-sortie-1-150x150.jpg\" class=\"attachment-thumbnail size-thumbnail\" alt=\"\" \/><\/a>\n\t\t\t<\/dt><\/dl><dl class='gallery-item'>\n\t\t\t<dt class='gallery-icon portrait'>\n\t\t\t\t<a href='https:\/\/passerelle2.ac-nantes.fr\/labrulatte-lagravelle\/2020\/12\/13\/la-zone-humide-au-mois-de-decembre\/preparation-so-5\/'><img loading=\"lazy\" decoding=\"async\" width=\"150\" height=\"150\" src=\"https:\/\/passerelle2.ac-nantes.fr\/labrulatte-lagravelle\/wp-content\/uploads\/sites\/96\/2020\/12\/Pr\u00e9paration-so-5-150x150.jpg\" class=\"attachment-thumbnail size-thumbnail\" alt=\"\" \/><\/a>\n\t\t\t<\/dt><\/dl><dl class='gallery-item'>\n\t\t\t<dt class='gallery-icon landscape'>\n\t\t\t\t<a href='https:\/\/passerelle2.ac-nantes.fr\/labrulatte-lagravelle\/2020\/12\/13\/la-zone-humide-au-mois-de-decembre\/preparation-so-4\/'><img loading=\"lazy\" decoding=\"async\" width=\"150\" height=\"150\" src=\"https:\/\/passerelle2.ac-nantes.fr\/labrulatte-lagravelle\/wp-content\/uploads\/sites\/96\/2020\/12\/Pr\u00e9paration-so-4-150x150.jpg\" class=\"attachment-thumbnail size-thumbnail\" alt=\"\" \/><\/a>\n\t\t\t<\/dt><\/dl><br style=\"clear: both\" \/>\n\t\t<\/div>\n\n<p>Vendredi matin 11 d\u00e9cembre, les deux classes se sont rendues \u00e0 tour de r\u00f4le sur le site de la zone humide de La Br\u00fblatte. Nous avons d&rsquo;abord observ\u00e9 la zone humide dans son ensemble avant de nous approcher afin de comparer les lieux avec les photos prises lors de <a href=\"https:\/\/passerelle2.ac-nantes.fr\/labrulatte-lagravelle\/2020\/09\/13\/la-zone-humide-de-la-brulatte\/\">notre derni\u00e8re visite<\/a>. De plus, nous avions comme mission de rep\u00e9rer et trouver des indices de l&rsquo;activit\u00e9 des animaux. C&rsquo;est \u00e0 dire que nous \u00e9tions \u00e0 la recherche d&#8217;empreintes de pattes, de crottes, de plumes, de poils, de restes de repas&#8230;. Nous avions pr\u00e9par\u00e9 cela en classe, avant notre visite sur le site.<\/p>\n<div id='gallery-2' class='gallery galleryid-25424 gallery-columns-3 gallery-size-thumbnail'><dl class='gallery-item'>\n\t\t\t<dt class='gallery-icon landscape'>\n\t\t\t\t<a href='https:\/\/passerelle2.ac-nantes.fr\/labrulatte-lagravelle\/2020\/12\/13\/la-zone-humide-au-mois-de-decembre\/vue-densemble-2\/'><img loading=\"lazy\" decoding=\"async\" width=\"150\" height=\"150\" src=\"https:\/\/passerelle2.ac-nantes.fr\/labrulatte-lagravelle\/wp-content\/uploads\/sites\/96\/2020\/12\/Vue-densemble-2-150x150.jpg\" class=\"attachment-thumbnail size-thumbnail\" alt=\"\" \/><\/a>\n\t\t\t<\/dt><\/dl><dl class='gallery-item'>\n\t\t\t<dt class='gallery-icon portrait'>\n\t\t\t\t<a href='https:\/\/passerelle2.ac-nantes.fr\/labrulatte-lagravelle\/2020\/12\/13\/la-zone-humide-au-mois-de-decembre\/rappel-consignes-1\/'><img loading=\"lazy\" decoding=\"async\" width=\"150\" height=\"150\" src=\"https:\/\/passerelle2.ac-nantes.fr\/labrulatte-lagravelle\/wp-content\/uploads\/sites\/96\/2020\/12\/Rappel-consignes-1-150x150.jpg\" class=\"attachment-thumbnail size-thumbnail\" alt=\"\" \/><\/a>\n\t\t\t<\/dt><\/dl><dl class='gallery-item'>\n\t\t\t<dt class='gallery-icon portrait'>\n\t\t\t\t<a href='https:\/\/passerelle2.ac-nantes.fr\/labrulatte-lagravelle\/2020\/12\/13\/la-zone-humide-au-mois-de-decembre\/rappel-consignes-2\/'><img loading=\"lazy\" decoding=\"async\" width=\"150\" height=\"150\" src=\"https:\/\/passerelle2.ac-nantes.fr\/labrulatte-lagravelle\/wp-content\/uploads\/sites\/96\/2020\/12\/Rappel-consignes-2-150x150.jpg\" class=\"attachment-thumbnail size-thumbnail\" alt=\"\" \/><\/a>\n\t\t\t<\/dt><\/dl><br style=\"clear: both\" \/><dl class='gallery-item'>\n\t\t\t<dt class='gallery-icon landscape'>\n\t\t\t\t<a href='https:\/\/passerelle2.ac-nantes.fr\/labrulatte-lagravelle\/2020\/12\/13\/la-zone-humide-au-mois-de-decembre\/vue-densemble-1\/'><img loading=\"lazy\" decoding=\"async\" width=\"150\" height=\"150\" src=\"https:\/\/passerelle2.ac-nantes.fr\/labrulatte-lagravelle\/wp-content\/uploads\/sites\/96\/2020\/12\/Vue-densemble-1-150x150.jpg\" class=\"attachment-thumbnail size-thumbnail\" alt=\"\" \/><\/a>\n\t\t\t<\/dt><\/dl><dl class='gallery-item'>\n\t\t\t<dt class='gallery-icon portrait'>\n\t\t\t\t<a href='https:\/\/passerelle2.ac-nantes.fr\/labrulatte-lagravelle\/2020\/12\/13\/la-zone-humide-au-mois-de-decembre\/11-decembre-1\/'><img loading=\"lazy\" decoding=\"async\" width=\"150\" height=\"150\" src=\"https:\/\/passerelle2.ac-nantes.fr\/labrulatte-lagravelle\/wp-content\/uploads\/sites\/96\/2020\/12\/11-d\u00e9cembre-1-150x150.jpg\" class=\"attachment-thumbnail size-thumbnail\" alt=\"\" \/><\/a>\n\t\t\t<\/dt><\/dl><dl class='gallery-item'>\n\t\t\t<dt class='gallery-icon landscape'>\n\t\t\t\t<a href='https:\/\/passerelle2.ac-nantes.fr\/labrulatte-lagravelle\/2020\/12\/13\/la-zone-humide-au-mois-de-decembre\/11-decembre-3\/'><img loading=\"lazy\" decoding=\"async\" width=\"150\" height=\"150\" src=\"https:\/\/passerelle2.ac-nantes.fr\/labrulatte-lagravelle\/wp-content\/uploads\/sites\/96\/2020\/12\/11-d\u00e9cembre-3-150x150.jpg\" class=\"attachment-thumbnail size-thumbnail\" alt=\"\" \/><\/a>\n\t\t\t<\/dt><\/dl><br style=\"clear: both\" \/>\n\t\t<\/div>\n\n<p>Nous avons compar\u00e9 le ch\u00eane avec&nbsp; sa photo prise au mois de septembre. Nous avons trouv\u00e9 des glands perc\u00e9s de petits trous, probablement par des insectes. Nous avons ramass\u00e9 des feuilles, des glands, des cupules puis nous nous sommes approch\u00e9s des mares.<\/p>\n<div id='gallery-3' class='gallery galleryid-25424 gallery-columns-4 gallery-size-thumbnail'><dl class='gallery-item'>\n\t\t\t<dt class='gallery-icon portrait'>\n\t\t\t\t<a href='https:\/\/passerelle2.ac-nantes.fr\/labrulatte-lagravelle\/2020\/12\/13\/la-zone-humide-au-mois-de-decembre\/chene-4\/'><img loading=\"lazy\" decoding=\"async\" width=\"150\" height=\"150\" src=\"https:\/\/passerelle2.ac-nantes.fr\/labrulatte-lagravelle\/wp-content\/uploads\/sites\/96\/2020\/12\/Ch\u00eane-4-150x150.jpg\" class=\"attachment-thumbnail size-thumbnail\" alt=\"\" \/><\/a>\n\t\t\t<\/dt><\/dl><dl class='gallery-item'>\n\t\t\t<dt class='gallery-icon portrait'>\n\t\t\t\t<a href='https:\/\/passerelle2.ac-nantes.fr\/labrulatte-lagravelle\/2020\/12\/13\/la-zone-humide-au-mois-de-decembre\/chene-1\/'><img loading=\"lazy\" decoding=\"async\" width=\"150\" height=\"150\" src=\"https:\/\/passerelle2.ac-nantes.fr\/labrulatte-lagravelle\/wp-content\/uploads\/sites\/96\/2020\/12\/Ch\u00eane-1-150x150.jpg\" class=\"attachment-thumbnail size-thumbnail\" alt=\"\" \/><\/a>\n\t\t\t<\/dt><\/dl><dl class='gallery-item'>\n\t\t\t<dt class='gallery-icon landscape'>\n\t\t\t\t<a href='https:\/\/passerelle2.ac-nantes.fr\/labrulatte-lagravelle\/2020\/12\/13\/la-zone-humide-au-mois-de-decembre\/chene-7\/'><img loading=\"lazy\" decoding=\"async\" width=\"150\" height=\"150\" src=\"https:\/\/passerelle2.ac-nantes.fr\/labrulatte-lagravelle\/wp-content\/uploads\/sites\/96\/2020\/12\/Ch\u00eane-7-150x150.jpg\" class=\"attachment-thumbnail size-thumbnail\" alt=\"\" \/><\/a>\n\t\t\t<\/dt><\/dl><dl class='gallery-item'>\n\t\t\t<dt class='gallery-icon landscape'>\n\t\t\t\t<a href='https:\/\/passerelle2.ac-nantes.fr\/labrulatte-lagravelle\/2020\/12\/13\/la-zone-humide-au-mois-de-decembre\/chene-2\/'><img loading=\"lazy\" decoding=\"async\" width=\"150\" height=\"150\" src=\"https:\/\/passerelle2.ac-nantes.fr\/labrulatte-lagravelle\/wp-content\/uploads\/sites\/96\/2020\/12\/Ch\u00eane-2-150x150.jpg\" class=\"attachment-thumbnail size-thumbnail\" alt=\"\" \/><\/a>\n\t\t\t<\/dt><\/dl><br style=\"clear: both\" \/><dl class='gallery-item'>\n\t\t\t<dt class='gallery-icon landscape'>\n\t\t\t\t<a href='https:\/\/passerelle2.ac-nantes.fr\/labrulatte-lagravelle\/2020\/12\/13\/la-zone-humide-au-mois-de-decembre\/11-decembre-2\/'><img loading=\"lazy\" decoding=\"async\" width=\"150\" height=\"150\" src=\"https:\/\/passerelle2.ac-nantes.fr\/labrulatte-lagravelle\/wp-content\/uploads\/sites\/96\/2020\/12\/11-d\u00e9cembre-2-150x150.jpg\" class=\"attachment-thumbnail size-thumbnail\" alt=\"\" \/><\/a>\n\t\t\t<\/dt><\/dl><dl class='gallery-item'>\n\t\t\t<dt class='gallery-icon landscape'>\n\t\t\t\t<a href='https:\/\/passerelle2.ac-nantes.fr\/labrulatte-lagravelle\/2020\/12\/13\/la-zone-humide-au-mois-de-decembre\/chene-5\/'><img loading=\"lazy\" decoding=\"async\" width=\"150\" height=\"150\" src=\"https:\/\/passerelle2.ac-nantes.fr\/labrulatte-lagravelle\/wp-content\/uploads\/sites\/96\/2020\/12\/Ch\u00eane-5-150x150.jpg\" class=\"attachment-thumbnail size-thumbnail\" alt=\"\" \/><\/a>\n\t\t\t<\/dt><\/dl><dl class='gallery-item'>\n\t\t\t<dt class='gallery-icon landscape'>\n\t\t\t\t<a href='https:\/\/passerelle2.ac-nantes.fr\/labrulatte-lagravelle\/2020\/12\/13\/la-zone-humide-au-mois-de-decembre\/chene-3\/'><img loading=\"lazy\" decoding=\"async\" width=\"150\" height=\"150\" src=\"https:\/\/passerelle2.ac-nantes.fr\/labrulatte-lagravelle\/wp-content\/uploads\/sites\/96\/2020\/12\/Ch\u00eane-3-150x150.jpg\" class=\"attachment-thumbnail size-thumbnail\" alt=\"\" \/><\/a>\n\t\t\t<\/dt><\/dl><dl class='gallery-item'>\n\t\t\t<dt class='gallery-icon portrait'>\n\t\t\t\t<a href='https:\/\/passerelle2.ac-nantes.fr\/labrulatte-lagravelle\/2020\/12\/13\/la-zone-humide-au-mois-de-decembre\/11-decembre-5\/'><img loading=\"lazy\" decoding=\"async\" width=\"150\" height=\"150\" src=\"https:\/\/passerelle2.ac-nantes.fr\/labrulatte-lagravelle\/wp-content\/uploads\/sites\/96\/2020\/12\/11-d\u00e9cembre-5-150x150.jpg\" class=\"attachment-thumbnail size-thumbnail\" alt=\"\" \/><\/a>\n\t\t\t<\/dt><\/dl><br style=\"clear: both\" \/>\n\t\t<\/div>\n\n<p>Autour des mares, nous avons rep\u00e9r\u00e9 des passages d&rsquo;animaux, des fientes d&rsquo;oiseaux, des plumes. Nous avons aussi constat\u00e9 que le niveau de l&rsquo;eau avait augment\u00e9 et que les mares d\u00e9bordaient. En regardant la photo de septembre, nous nous sommes rappel\u00e9s qu&rsquo;elles \u00e9taient presque ass\u00e9ch\u00e9es \u00e0 ce moment-l\u00e0.<\/p>\n<div id='gallery-4' class='gallery galleryid-25424 gallery-columns-3 gallery-size-thumbnail'><dl class='gallery-item'>\n\t\t\t<dt class='gallery-icon landscape'>\n\t\t\t\t<a href='https:\/\/passerelle2.ac-nantes.fr\/labrulatte-lagravelle\/2020\/12\/13\/la-zone-humide-au-mois-de-decembre\/mares-1\/'><img loading=\"lazy\" decoding=\"async\" width=\"150\" height=\"150\" src=\"https:\/\/passerelle2.ac-nantes.fr\/labrulatte-lagravelle\/wp-content\/uploads\/sites\/96\/2020\/12\/Mares-1-150x150.jpg\" class=\"attachment-thumbnail size-thumbnail\" alt=\"\" \/><\/a>\n\t\t\t<\/dt><\/dl><dl class='gallery-item'>\n\t\t\t<dt class='gallery-icon landscape'>\n\t\t\t\t<a href='https:\/\/passerelle2.ac-nantes.fr\/labrulatte-lagravelle\/2020\/12\/13\/la-zone-humide-au-mois-de-decembre\/mares-8\/'><img loading=\"lazy\" decoding=\"async\" width=\"150\" height=\"150\" src=\"https:\/\/passerelle2.ac-nantes.fr\/labrulatte-lagravelle\/wp-content\/uploads\/sites\/96\/2020\/12\/Mares-8-150x150.jpg\" class=\"attachment-thumbnail size-thumbnail\" alt=\"\" \/><\/a>\n\t\t\t<\/dt><\/dl><dl class='gallery-item'>\n\t\t\t<dt class='gallery-icon landscape'>\n\t\t\t\t<a href='https:\/\/passerelle2.ac-nantes.fr\/labrulatte-lagravelle\/2020\/12\/13\/la-zone-humide-au-mois-de-decembre\/mares-6\/'><img loading=\"lazy\" decoding=\"async\" width=\"150\" height=\"150\" src=\"https:\/\/passerelle2.ac-nantes.fr\/labrulatte-lagravelle\/wp-content\/uploads\/sites\/96\/2020\/12\/Mares-6-150x150.jpg\" class=\"attachment-thumbnail size-thumbnail\" alt=\"\" \/><\/a>\n\t\t\t<\/dt><\/dl><br style=\"clear: both\" \/><dl class='gallery-item'>\n\t\t\t<dt class='gallery-icon portrait'>\n\t\t\t\t<a href='https:\/\/passerelle2.ac-nantes.fr\/labrulatte-lagravelle\/2020\/12\/13\/la-zone-humide-au-mois-de-decembre\/mares-7\/'><img loading=\"lazy\" decoding=\"async\" width=\"150\" height=\"150\" src=\"https:\/\/passerelle2.ac-nantes.fr\/labrulatte-lagravelle\/wp-content\/uploads\/sites\/96\/2020\/12\/Mares-7-150x150.jpg\" class=\"attachment-thumbnail size-thumbnail\" alt=\"\" \/><\/a>\n\t\t\t<\/dt><\/dl><dl class='gallery-item'>\n\t\t\t<dt class='gallery-icon portrait'>\n\t\t\t\t<a href='https:\/\/passerelle2.ac-nantes.fr\/labrulatte-lagravelle\/2020\/12\/13\/la-zone-humide-au-mois-de-decembre\/11-decembre-6\/'><img loading=\"lazy\" decoding=\"async\" width=\"150\" height=\"150\" src=\"https:\/\/passerelle2.ac-nantes.fr\/labrulatte-lagravelle\/wp-content\/uploads\/sites\/96\/2020\/12\/11-d\u00e9cembre-6-150x150.jpg\" class=\"attachment-thumbnail size-thumbnail\" alt=\"\" \/><\/a>\n\t\t\t<\/dt><\/dl><dl class='gallery-item'>\n\t\t\t<dt class='gallery-icon landscape'>\n\t\t\t\t<a href='https:\/\/passerelle2.ac-nantes.fr\/labrulatte-lagravelle\/2020\/12\/13\/la-zone-humide-au-mois-de-decembre\/11-decembre-7\/'><img loading=\"lazy\" decoding=\"async\" width=\"150\" height=\"150\" src=\"https:\/\/passerelle2.ac-nantes.fr\/labrulatte-lagravelle\/wp-content\/uploads\/sites\/96\/2020\/12\/11-d\u00e9cembre-7-150x150.jpg\" class=\"attachment-thumbnail size-thumbnail\" alt=\"\" \/><\/a>\n\t\t\t<\/dt><\/dl><br style=\"clear: both\" \/><dl class='gallery-item'>\n\t\t\t<dt class='gallery-icon portrait'>\n\t\t\t\t<a href='https:\/\/passerelle2.ac-nantes.fr\/labrulatte-lagravelle\/2020\/12\/13\/la-zone-humide-au-mois-de-decembre\/ruisseau-1\/'><img loading=\"lazy\" decoding=\"async\" width=\"150\" height=\"150\" src=\"https:\/\/passerelle2.ac-nantes.fr\/labrulatte-lagravelle\/wp-content\/uploads\/sites\/96\/2020\/12\/Ruisseau-1-150x150.jpg\" class=\"attachment-thumbnail size-thumbnail\" alt=\"\" \/><\/a>\n\t\t\t<\/dt><\/dl><dl class='gallery-item'>\n\t\t\t<dt class='gallery-icon landscape'>\n\t\t\t\t<a href='https:\/\/passerelle2.ac-nantes.fr\/labrulatte-lagravelle\/2020\/12\/13\/la-zone-humide-au-mois-de-decembre\/11-decembre-9\/'><img loading=\"lazy\" decoding=\"async\" width=\"150\" height=\"150\" src=\"https:\/\/passerelle2.ac-nantes.fr\/labrulatte-lagravelle\/wp-content\/uploads\/sites\/96\/2020\/12\/11-d\u00e9cembre-9-150x150.jpg\" class=\"attachment-thumbnail size-thumbnail\" alt=\"\" \/><\/a>\n\t\t\t<\/dt><\/dl><dl class='gallery-item'>\n\t\t\t<dt class='gallery-icon portrait'>\n\t\t\t\t<a href='https:\/\/passerelle2.ac-nantes.fr\/labrulatte-lagravelle\/2020\/12\/13\/la-zone-humide-au-mois-de-decembre\/11-decembre-8\/'><img loading=\"lazy\" decoding=\"async\" width=\"150\" height=\"150\" src=\"https:\/\/passerelle2.ac-nantes.fr\/labrulatte-lagravelle\/wp-content\/uploads\/sites\/96\/2020\/12\/11-d\u00e9cembre-8-150x150.jpg\" class=\"attachment-thumbnail size-thumbnail\" alt=\"\" \/><\/a>\n\t\t\t<\/dt><\/dl><br style=\"clear: both\" \/><dl class='gallery-item'>\n\t\t\t<dt class='gallery-icon portrait'>\n\t\t\t\t<a href='https:\/\/passerelle2.ac-nantes.fr\/labrulatte-lagravelle\/2020\/12\/13\/la-zone-humide-au-mois-de-decembre\/ruisseau-2\/'><img loading=\"lazy\" decoding=\"async\" width=\"150\" height=\"150\" src=\"https:\/\/passerelle2.ac-nantes.fr\/labrulatte-lagravelle\/wp-content\/uploads\/sites\/96\/2020\/12\/Ruisseau-2-150x150.jpg\" class=\"attachment-thumbnail size-thumbnail\" alt=\"\" \/><\/a>\n\t\t\t<\/dt><\/dl><dl class='gallery-item'>\n\t\t\t<dt class='gallery-icon portrait'>\n\t\t\t\t<a href='https:\/\/passerelle2.ac-nantes.fr\/labrulatte-lagravelle\/2020\/12\/13\/la-zone-humide-au-mois-de-decembre\/rondin\/'><img loading=\"lazy\" decoding=\"async\" width=\"150\" height=\"150\" src=\"https:\/\/passerelle2.ac-nantes.fr\/labrulatte-lagravelle\/wp-content\/uploads\/sites\/96\/2020\/12\/Rondin-150x150.jpg\" class=\"attachment-thumbnail size-thumbnail\" alt=\"\" \/><\/a>\n\t\t\t<\/dt><\/dl>\n\t\t\t<br style='clear: both' \/>\n\t\t<\/div>\n\n<p>Nous sommes all\u00e9s ensuite observ\u00e9 le ruisseau qui \u00e9tait bien rempli. Nous avons \u00e9cout\u00e9 le bruit de l&rsquo;eau et nous l&rsquo;avons enregistr\u00e9.<\/p>\n<p>Voici en images les diff\u00e9rentes preuves de l&rsquo;activit\u00e9 des animaux dans la zone humide.<\/p>\n<p class=\"jetpack-slideshow-noscript robots-nocontent\">Ce diaporama n\u00e9cessite JavaScript.<\/p><div id=\"gallery-25424-1-slideshow\" class=\"jetpack-slideshow-window jetpack-slideshow jetpack-slideshow-black\" data-trans=\"fade\" data-autostart=\"1\" data-gallery=\"[{&quot;src&quot;:&quot;https:\\\/\\\/passerelle2.ac-nantes.fr\\\/labrulatte-lagravelle\\\/wp-content\\\/uploads\\\/sites\\\/96\\\/2020\\\/12\\\/Taupini\\u00e8res.jpg&quot;,&quot;id&quot;:&quot;25443&quot;,&quot;title&quot;:&quot;Taupini\\u00e8res&quot;,&quot;alt&quot;:&quot;&quot;,&quot;caption&quot;:&quot;&quot;,&quot;itemprop&quot;:&quot;image&quot;},{&quot;src&quot;:&quot;https:\\\/\\\/passerelle2.ac-nantes.fr\\\/labrulatte-lagravelle\\\/wp-content\\\/uploads\\\/sites\\\/96\\\/2020\\\/12\\\/Epi-de-ma\\u00efs.jpg&quot;,&quot;id&quot;:&quot;25433&quot;,&quot;title&quot;:&quot;Epi de ma\\u00efs&quot;,&quot;alt&quot;:&quot;&quot;,&quot;caption&quot;:&quot;&quot;,&quot;itemprop&quot;:&quot;image&quot;},{&quot;src&quot;:&quot;https:\\\/\\\/passerelle2.ac-nantes.fr\\\/labrulatte-lagravelle\\\/wp-content\\\/uploads\\\/sites\\\/96\\\/2020\\\/12\\\/Fiente.jpg&quot;,&quot;id&quot;:&quot;25435&quot;,&quot;title&quot;:&quot;Fiente&quot;,&quot;alt&quot;:&quot;&quot;,&quot;caption&quot;:&quot;&quot;,&quot;itemprop&quot;:&quot;image&quot;},{&quot;src&quot;:&quot;https:\\\/\\\/passerelle2.ac-nantes.fr\\\/labrulatte-lagravelle\\\/wp-content\\\/uploads\\\/sites\\\/96\\\/2020\\\/12\\\/Duvet-2.jpg&quot;,&quot;id&quot;:&quot;25431&quot;,&quot;title&quot;:&quot;Duvet 2&quot;,&quot;alt&quot;:&quot;&quot;,&quot;caption&quot;:&quot;&quot;,&quot;itemprop&quot;:&quot;image&quot;},{&quot;src&quot;:&quot;https:\\\/\\\/passerelle2.ac-nantes.fr\\\/labrulatte-lagravelle\\\/wp-content\\\/uploads\\\/sites\\\/96\\\/2020\\\/12\\\/Plume.jpg&quot;,&quot;id&quot;:&quot;25441&quot;,&quot;title&quot;:&quot;Plume&quot;,&quot;alt&quot;:&quot;&quot;,&quot;caption&quot;:&quot;&quot;,&quot;itemprop&quot;:&quot;image&quot;},{&quot;src&quot;:&quot;https:\\\/\\\/passerelle2.ac-nantes.fr\\\/labrulatte-lagravelle\\\/wp-content\\\/uploads\\\/sites\\\/96\\\/2020\\\/12\\\/Passage-3.jpg&quot;,&quot;id&quot;:&quot;25440&quot;,&quot;title&quot;:&quot;Passage (3)&quot;,&quot;alt&quot;:&quot;&quot;,&quot;caption&quot;:&quot;&quot;,&quot;itemprop&quot;:&quot;image&quot;},{&quot;src&quot;:&quot;https:\\\/\\\/passerelle2.ac-nantes.fr\\\/labrulatte-lagravelle\\\/wp-content\\\/uploads\\\/sites\\\/96\\\/2020\\\/12\\\/Taupini\\u00e8re.jpg&quot;,&quot;id&quot;:&quot;25442&quot;,&quot;title&quot;:&quot;Taupini\\u00e8re&quot;,&quot;alt&quot;:&quot;&quot;,&quot;caption&quot;:&quot;&quot;,&quot;itemprop&quot;:&quot;image&quot;},{&quot;src&quot;:&quot;https:\\\/\\\/passerelle2.ac-nantes.fr\\\/labrulatte-lagravelle\\\/wp-content\\\/uploads\\\/sites\\\/96\\\/2020\\\/12\\\/Duvet.jpg&quot;,&quot;id&quot;:&quot;25432&quot;,&quot;title&quot;:&quot;Duvet&quot;,&quot;alt&quot;:&quot;&quot;,&quot;caption&quot;:&quot;&quot;,&quot;itemprop&quot;:&quot;image&quot;},{&quot;src&quot;:&quot;https:\\\/\\\/passerelle2.ac-nantes.fr\\\/labrulatte-lagravelle\\\/wp-content\\\/uploads\\\/sites\\\/96\\\/2020\\\/12\\\/Fiente-2.jpg&quot;,&quot;id&quot;:&quot;25434&quot;,&quot;title&quot;:&quot;Fiente 2&quot;,&quot;alt&quot;:&quot;&quot;,&quot;caption&quot;:&quot;&quot;,&quot;itemprop&quot;:&quot;image&quot;},{&quot;src&quot;:&quot;https:\\\/\\\/passerelle2.ac-nantes.fr\\\/labrulatte-lagravelle\\\/wp-content\\\/uploads\\\/sites\\\/96\\\/2020\\\/12\\\/Araign\\u00e9e.jpg&quot;,&quot;id&quot;:&quot;25430&quot;,&quot;title&quot;:&quot;Araign\\u00e9e&quot;,&quot;alt&quot;:&quot;&quot;,&quot;caption&quot;:&quot;&quot;,&quot;itemprop&quot;:&quot;image&quot;},{&quot;src&quot;:&quot;https:\\\/\\\/passerelle2.ac-nantes.fr\\\/labrulatte-lagravelle\\\/wp-content\\\/uploads\\\/sites\\\/96\\\/2020\\\/12\\\/Noyaux.jpg&quot;,&quot;id&quot;:&quot;25437&quot;,&quot;title&quot;:&quot;Noyaux&quot;,&quot;alt&quot;:&quot;&quot;,&quot;caption&quot;:&quot;&quot;,&quot;itemprop&quot;:&quot;image&quot;},{&quot;src&quot;:&quot;https:\\\/\\\/passerelle2.ac-nantes.fr\\\/labrulatte-lagravelle\\\/wp-content\\\/uploads\\\/sites\\\/96\\\/2020\\\/12\\\/Passage-1.jpg&quot;,&quot;id&quot;:&quot;25438&quot;,&quot;title&quot;:&quot;Passage (1)&quot;,&quot;alt&quot;:&quot;&quot;,&quot;caption&quot;:&quot;&quot;,&quot;itemprop&quot;:&quot;image&quot;},{&quot;src&quot;:&quot;https:\\\/\\\/passerelle2.ac-nantes.fr\\\/labrulatte-lagravelle\\\/wp-content\\\/uploads\\\/sites\\\/96\\\/2020\\\/12\\\/Trou.jpg&quot;,&quot;id&quot;:&quot;25444&quot;,&quot;title&quot;:&quot;Trou&quot;,&quot;alt&quot;:&quot;&quot;,&quot;caption&quot;:&quot;&quot;,&quot;itemprop&quot;:&quot;image&quot;},{&quot;src&quot;:&quot;https:\\\/\\\/passerelle2.ac-nantes.fr\\\/labrulatte-lagravelle\\\/wp-content\\\/uploads\\\/sites\\\/96\\\/2020\\\/12\\\/Fruit-mang\\u00e9.jpg&quot;,&quot;id&quot;:&quot;25436&quot;,&quot;title&quot;:&quot;Fruit mang\\u00e9&quot;,&quot;alt&quot;:&quot;&quot;,&quot;caption&quot;:&quot;&quot;,&quot;itemprop&quot;:&quot;image&quot;},{&quot;src&quot;:&quot;https:\\\/\\\/passerelle2.ac-nantes.fr\\\/labrulatte-lagravelle\\\/wp-content\\\/uploads\\\/sites\\\/96\\\/2020\\\/12\\\/Trou-2.jpg&quot;,&quot;id&quot;:&quot;25445&quot;,&quot;title&quot;:&quot;Trou 2&quot;,&quot;alt&quot;:&quot;&quot;,&quot;caption&quot;:&quot;&quot;,&quot;itemprop&quot;:&quot;image&quot;},{&quot;src&quot;:&quot;https:\\\/\\\/passerelle2.ac-nantes.fr\\\/labrulatte-lagravelle\\\/wp-content\\\/uploads\\\/sites\\\/96\\\/2020\\\/12\\\/Passage-2.jpg&quot;,&quot;id&quot;:&quot;25439&quot;,&quot;title&quot;:&quot;Passage (2)&quot;,&quot;alt&quot;:&quot;&quot;,&quot;caption&quot;:&quot;&quot;,&quot;itemprop&quot;:&quot;image&quot;}]\" itemscope itemtype=\"https:\/\/schema.org\/ImageGallery\"><\/div>\n<p>De retour en classe, nous avons r\u00e9alis\u00e9 des dessins d&rsquo;observations et produit un texte expliquant ce que nous avions fait et observ\u00e9.<\/p>\n<p><a href=\"https:\/\/passerelle2.ac-nantes.fr\/labrulatte-lagravelle\/wp-content\/uploads\/sites\/96\/2020\/12\/Synth\u00e8se-sortie.jpg\"><img loading=\"lazy\" decoding=\"async\" class=\"aligncenter size-medium wp-image-25429\" src=\"https:\/\/passerelle2.ac-nantes.fr\/labrulatte-lagravelle\/wp-content\/uploads\/sites\/96\/2020\/12\/Synth\u00e8se-sortie-225x300.jpg\" alt=\"\" width=\"225\" height=\"300\" srcset=\"https:\/\/passerelle2.ac-nantes.fr\/labrulatte-lagravelle\/wp-content\/uploads\/sites\/96\/2020\/12\/Synth\u00e8se-sortie-225x300.jpg 225w, https:\/\/passerelle2.ac-nantes.fr\/labrulatte-lagravelle\/wp-content\/uploads\/sites\/96\/2020\/12\/Synth\u00e8se-sortie.jpg 480w\" sizes=\"auto, (max-width: 225px) 100vw, 225px\" \/><\/a><\/p>\n","protected":false},"excerpt":{"rendered":"<p>Vendredi matin 11 d\u00e9cembre, les deux classes se sont rendues \u00e0 tour de r\u00f4le sur le site de la zone humide de La Br\u00fblatte. Nous avons d&rsquo;abord observ\u00e9 la zone humide dans son ensemble avant de nous approcher afin de &hellip; <a href=\"https:\/\/passerelle2.ac-nantes.fr\/labrulatte-lagravelle\/2020\/12\/13\/la-zone-humide-au-mois-de-decembre\/\">Continuer la lecture <span class=\"meta-nav\">&rarr;<\/span><\/a><\/p>\n","protected":false},"author":7877,"featured_media":0,"comment_status":"open","ping_status":"open","sticky":false,"template":"","format":"standard","meta":{"ngg_post_thumbnail":0,"h5ap_radio_sources":[],"_jetpack_newsletter_access":"","_jetpack_dont_email_post_to_subs":false,"_jetpack_newsletter_tier_id":0,"_jetpack_memberships_contains_paywalled_content":false,"_jetpack_memberships_contains_paid_content":false,"footnotes":""},"categories":[240,375],"tags":[368,318,364],"post_folder":[],"class_list":["post-25424","post","type-post","status-publish","format-standard","hentry","category-ecole-maternelle","category-archives-fresque-et-zone-humide","tag-animaux","tag-eau","tag-zone-humide"],"jetpack_featured_media_url":"","jetpack_sharing_enabled":true,"jetpack_shortlink":"https:\/\/wp.me\/p8Njox-6C4","_links":{"self":[{"href":"https:\/\/passerelle2.ac-nantes.fr\/labrulatte-lagravelle\/wp-json\/wp\/v2\/posts\/25424","targetHints":{"allow":["GET"]}}],"collection":[{"href":"https:\/\/passerelle2.ac-nantes.fr\/labrulatte-lagravelle\/wp-json\/wp\/v2\/posts"}],"about":[{"href":"https:\/\/passerelle2.ac-nantes.fr\/labrulatte-lagravelle\/wp-json\/wp\/v2\/types\/post"}],"author":[{"embeddable":true,"href":"https:\/\/passerelle2.ac-nantes.fr\/labrulatte-lagravelle\/wp-json\/wp\/v2\/users\/7877"}],"replies":[{"embeddable":true,"href":"https:\/\/passerelle2.ac-nantes.fr\/labrulatte-lagravelle\/wp-json\/wp\/v2\/comments?post=25424"}],"version-history":[{"count":0,"href":"https:\/\/passerelle2.ac-nantes.fr\/labrulatte-lagravelle\/wp-json\/wp\/v2\/posts\/25424\/revisions"}],"wp:attachment":[{"href":"https:\/\/passerelle2.ac-nantes.fr\/labrulatte-lagravelle\/wp-json\/wp\/v2\/media?parent=25424"}],"wp:term":[{"taxonomy":"category","embeddable":true,"href":"https:\/\/passerelle2.ac-nantes.fr\/labrulatte-lagravelle\/wp-json\/wp\/v2\/categories?post=25424"},{"taxonomy":"post_tag","embeddable":true,"href":"https:\/\/passerelle2.ac-nantes.fr\/labrulatte-lagravelle\/wp-json\/wp\/v2\/tags?post=25424"},{"taxonomy":"post_folder","embeddable":true,"href":"https:\/\/passerelle2.ac-nantes.fr\/labrulatte-lagravelle\/wp-json\/wp\/v2\/post_folder?post=25424"}],"curies":[{"name":"wp","href":"https:\/\/api.w.org\/{rel}","templated":true}]}}