
{"id":26822,"date":"2021-04-03T19:47:15","date_gmt":"2021-04-03T17:47:15","guid":{"rendered":"https:\/\/passerelle2.ac-nantes.fr\/labrulatte-lagravelle\/?p=26822"},"modified":"2021-08-30T21:48:13","modified_gmt":"2021-08-30T19:48:13","slug":"travaux-de-printemps-au-jardin","status":"publish","type":"post","link":"https:\/\/passerelle2.ac-nantes.fr\/labrulatte-lagravelle\/2021\/04\/03\/travaux-de-printemps-au-jardin\/","title":{"rendered":"Travaux de printemps au jardin"},"content":{"rendered":"\n<div id='gallery-1' class='gallery galleryid-26822 gallery-columns-4 gallery-size-thumbnail'><dl class='gallery-item'>\n\t\t\t<dt class='gallery-icon portrait'>\n\t\t\t\t<a href='https:\/\/passerelle2.ac-nantes.fr\/labrulatte-lagravelle\/2021\/04\/03\/travaux-de-printemps-au-jardin\/vers-de-terre-2\/'><img loading=\"lazy\" decoding=\"async\" width=\"150\" height=\"150\" src=\"https:\/\/passerelle2.ac-nantes.fr\/labrulatte-lagravelle\/wp-content\/uploads\/sites\/96\/2021\/04\/Vers-de-terre-2-150x150.jpg\" class=\"attachment-thumbnail size-thumbnail\" alt=\"\" \/><\/a>\n\t\t\t<\/dt><\/dl><dl class='gallery-item'>\n\t\t\t<dt class='gallery-icon portrait'>\n\t\t\t\t<a href='https:\/\/passerelle2.ac-nantes.fr\/labrulatte-lagravelle\/2021\/04\/03\/travaux-de-printemps-au-jardin\/vers-de-terre-1\/'><img loading=\"lazy\" decoding=\"async\" width=\"150\" height=\"150\" src=\"https:\/\/passerelle2.ac-nantes.fr\/labrulatte-lagravelle\/wp-content\/uploads\/sites\/96\/2021\/04\/Vers-de-terre-1-150x150.jpg\" class=\"attachment-thumbnail size-thumbnail\" alt=\"\" \/><\/a>\n\t\t\t<\/dt><\/dl>\n\t\t\t<br style='clear: both' \/>\n\t\t<\/div>\n\n<p>Le vendredi 19 mars apr\u00e8s-midi, les \u00e9l\u00e8ves de grande section ont profit\u00e9 du grand soleil pour se rendre au jardin de l&rsquo;\u00e9cole. Apr\u00e8s avoir observ\u00e9 les fleurs des jonquilles et l&rsquo;apparition des premi\u00e8res tulipes, ils ont d\u00e9sherb\u00e9 les deux premiers carr\u00e9s.<\/p>\n\n<p>Ils ont ensuite retourn\u00e9 la terre \u00e0 l&rsquo;aide d&rsquo;une b\u00eache et cass\u00e9 les mottes de terre. Ceci a \u00e9t\u00e9 l&rsquo;ocasion d&rsquo;observer de nombreux vers de terre. Pendant ce temps, d&rsquo;autres \u00e9l\u00e8ves ont taill\u00e9 les fruitiers (m\u00fbriers et framboisiers) du troisi\u00e8me carr\u00e9.<\/p>\n<div id='gallery-3' class='gallery galleryid-26822 gallery-columns-4 gallery-size-thumbnail'><dl class='gallery-item'>\n\t\t\t<dt class='gallery-icon portrait'>\n\t\t\t\t<a href='https:\/\/passerelle2.ac-nantes.fr\/labrulatte-lagravelle\/2021\/04\/03\/travaux-de-printemps-au-jardin\/taille-framboisier\/'><img loading=\"lazy\" decoding=\"async\" width=\"150\" height=\"150\" src=\"https:\/\/passerelle2.ac-nantes.fr\/labrulatte-lagravelle\/wp-content\/uploads\/sites\/96\/2021\/03\/Taille-framboisier-150x150.jpg\" class=\"attachment-thumbnail size-thumbnail\" alt=\"\" \/><\/a>\n\t\t\t<\/dt><\/dl>\n\t\t\t<br style='clear: both' \/>\n\t\t<\/div>\n\n<p>Pour finir, ils ont rempli les brouettes avec de la terre du jardin pour la transporter jusqu&rsquo;\u00e0 l&rsquo;\u00e9cole. Cette terre servira \u00e0 remplir les jardini\u00e8res des deux classes.<\/p>\n<div id='gallery-4' class='gallery galleryid-26822 gallery-columns-4 gallery-size-thumbnail'><dl class='gallery-item'>\n\t\t\t<dt class='gallery-icon landscape'>\n\t\t\t\t<a href='https:\/\/passerelle2.ac-nantes.fr\/labrulatte-lagravelle\/2021\/04\/03\/travaux-de-printemps-au-jardin\/remplissage-brouette-1\/'><img loading=\"lazy\" decoding=\"async\" width=\"150\" height=\"150\" src=\"https:\/\/passerelle2.ac-nantes.fr\/labrulatte-lagravelle\/wp-content\/uploads\/sites\/96\/2021\/04\/Remplissage-brouette-1-150x150.jpg\" class=\"attachment-thumbnail size-thumbnail\" alt=\"\" \/><\/a>\n\t\t\t<\/dt><\/dl><dl class='gallery-item'>\n\t\t\t<dt class='gallery-icon landscape'>\n\t\t\t\t<a href='https:\/\/passerelle2.ac-nantes.fr\/labrulatte-lagravelle\/2021\/04\/03\/travaux-de-printemps-au-jardin\/remplissage-brouette-2\/'><img loading=\"lazy\" decoding=\"async\" width=\"150\" height=\"150\" src=\"https:\/\/passerelle2.ac-nantes.fr\/labrulatte-lagravelle\/wp-content\/uploads\/sites\/96\/2021\/04\/Remplissage-brouette-2-150x150.jpg\" class=\"attachment-thumbnail size-thumbnail\" alt=\"\" \/><\/a>\n\t\t\t<\/dt><\/dl><dl class='gallery-item'>\n\t\t\t<dt class='gallery-icon landscape'>\n\t\t\t\t<a href='https:\/\/passerelle2.ac-nantes.fr\/labrulatte-lagravelle\/2021\/04\/03\/travaux-de-printemps-au-jardin\/remplissage-brouette-3\/'><img loading=\"lazy\" decoding=\"async\" width=\"150\" height=\"150\" src=\"https:\/\/passerelle2.ac-nantes.fr\/labrulatte-lagravelle\/wp-content\/uploads\/sites\/96\/2021\/04\/Remplissage-brouette-3-150x150.jpg\" class=\"attachment-thumbnail size-thumbnail\" alt=\"\" \/><\/a>\n\t\t\t<\/dt><\/dl><dl class='gallery-item'>\n\t\t\t<dt class='gallery-icon portrait'>\n\t\t\t\t<a href='https:\/\/passerelle2.ac-nantes.fr\/labrulatte-lagravelle\/2021\/04\/03\/travaux-de-printemps-au-jardin\/remplissage-brouette-4\/'><img loading=\"lazy\" decoding=\"async\" width=\"150\" height=\"150\" src=\"https:\/\/passerelle2.ac-nantes.fr\/labrulatte-lagravelle\/wp-content\/uploads\/sites\/96\/2021\/04\/Remplissage-brouette-4-150x150.jpg\" class=\"attachment-thumbnail size-thumbnail\" alt=\"\" \/><\/a>\n\t\t\t<\/dt><\/dl><br style=\"clear: both\" \/><dl class='gallery-item'>\n\t\t\t<dt class='gallery-icon portrait'>\n\t\t\t\t<a href='https:\/\/passerelle2.ac-nantes.fr\/labrulatte-lagravelle\/2021\/04\/03\/travaux-de-printemps-au-jardin\/remplissage-brouette-5\/'><img loading=\"lazy\" decoding=\"async\" width=\"150\" height=\"150\" src=\"https:\/\/passerelle2.ac-nantes.fr\/labrulatte-lagravelle\/wp-content\/uploads\/sites\/96\/2021\/04\/Remplissage-brouette-5-150x150.jpg\" class=\"attachment-thumbnail size-thumbnail\" alt=\"\" \/><\/a>\n\t\t\t<\/dt><\/dl><dl class='gallery-item'>\n\t\t\t<dt class='gallery-icon portrait'>\n\t\t\t\t<a href='https:\/\/passerelle2.ac-nantes.fr\/labrulatte-lagravelle\/2021\/04\/03\/travaux-de-printemps-au-jardin\/remplissage-brouette-6\/'><img loading=\"lazy\" decoding=\"async\" width=\"150\" height=\"150\" src=\"https:\/\/passerelle2.ac-nantes.fr\/labrulatte-lagravelle\/wp-content\/uploads\/sites\/96\/2021\/04\/Remplissage-brouette-6-150x150.jpg\" class=\"attachment-thumbnail size-thumbnail\" alt=\"\" \/><\/a>\n\t\t\t<\/dt><\/dl><dl class='gallery-item'>\n\t\t\t<dt class='gallery-icon portrait'>\n\t\t\t\t<a href='https:\/\/passerelle2.ac-nantes.fr\/labrulatte-lagravelle\/2021\/04\/03\/travaux-de-printemps-au-jardin\/remplissage-brouette-7\/'><img loading=\"lazy\" decoding=\"async\" width=\"150\" height=\"150\" src=\"https:\/\/passerelle2.ac-nantes.fr\/labrulatte-lagravelle\/wp-content\/uploads\/sites\/96\/2021\/04\/Remplissage-brouette-7-150x150.jpg\" class=\"attachment-thumbnail size-thumbnail\" alt=\"\" \/><\/a>\n\t\t\t<\/dt><\/dl><dl class='gallery-item'>\n\t\t\t<dt class='gallery-icon landscape'>\n\t\t\t\t<a href='https:\/\/passerelle2.ac-nantes.fr\/labrulatte-lagravelle\/2021\/04\/03\/travaux-de-printemps-au-jardin\/transport-terre-1\/'><img loading=\"lazy\" decoding=\"async\" width=\"150\" height=\"150\" src=\"https:\/\/passerelle2.ac-nantes.fr\/labrulatte-lagravelle\/wp-content\/uploads\/sites\/96\/2021\/04\/Transport-terre-1-150x150.jpg\" class=\"attachment-thumbnail size-thumbnail\" alt=\"\" \/><\/a>\n\t\t\t<\/dt><\/dl><br style=\"clear: both\" \/><dl class='gallery-item'>\n\t\t\t<dt class='gallery-icon landscape'>\n\t\t\t\t<a href='https:\/\/passerelle2.ac-nantes.fr\/labrulatte-lagravelle\/2021\/04\/03\/travaux-de-printemps-au-jardin\/transport-terre-2\/'><img loading=\"lazy\" decoding=\"async\" width=\"150\" height=\"150\" src=\"https:\/\/passerelle2.ac-nantes.fr\/labrulatte-lagravelle\/wp-content\/uploads\/sites\/96\/2021\/04\/Transport-terre-2-150x150.jpg\" class=\"attachment-thumbnail size-thumbnail\" alt=\"\" \/><\/a>\n\t\t\t<\/dt><\/dl><dl class='gallery-item'>\n\t\t\t<dt class='gallery-icon portrait'>\n\t\t\t\t<a href='https:\/\/passerelle2.ac-nantes.fr\/labrulatte-lagravelle\/2021\/04\/03\/travaux-de-printemps-au-jardin\/transport-terre-3\/'><img loading=\"lazy\" decoding=\"async\" width=\"150\" height=\"150\" src=\"https:\/\/passerelle2.ac-nantes.fr\/labrulatte-lagravelle\/wp-content\/uploads\/sites\/96\/2021\/04\/Transport-terre-3-150x150.jpg\" class=\"attachment-thumbnail size-thumbnail\" alt=\"\" \/><\/a>\n\t\t\t<\/dt><\/dl><dl class='gallery-item'>\n\t\t\t<dt class='gallery-icon portrait'>\n\t\t\t\t<a href='https:\/\/passerelle2.ac-nantes.fr\/labrulatte-lagravelle\/2021\/04\/03\/travaux-de-printemps-au-jardin\/transport-terre-4\/'><img loading=\"lazy\" decoding=\"async\" width=\"150\" height=\"150\" src=\"https:\/\/passerelle2.ac-nantes.fr\/labrulatte-lagravelle\/wp-content\/uploads\/sites\/96\/2021\/04\/Transport-terre-4-150x150.jpg\" class=\"attachment-thumbnail size-thumbnail\" alt=\"\" \/><\/a>\n\t\t\t<\/dt><\/dl><dl class='gallery-item'>\n\t\t\t<dt class='gallery-icon portrait'>\n\t\t\t\t<a href='https:\/\/passerelle2.ac-nantes.fr\/labrulatte-lagravelle\/2021\/04\/03\/travaux-de-printemps-au-jardin\/transport-terre-5\/'><img loading=\"lazy\" decoding=\"async\" width=\"150\" height=\"150\" src=\"https:\/\/passerelle2.ac-nantes.fr\/labrulatte-lagravelle\/wp-content\/uploads\/sites\/96\/2021\/04\/Transport-terre-5-150x150.jpg\" class=\"attachment-thumbnail size-thumbnail\" alt=\"\" \/><\/a>\n\t\t\t<\/dt><\/dl><br style=\"clear: both\" \/>\n\t\t<\/div>\n\n<p>&nbsp;<\/p>\n","protected":false},"excerpt":{"rendered":"<p>Le vendredi 19 mars apr\u00e8s-midi, les \u00e9l\u00e8ves de grande section ont profit\u00e9 du grand soleil pour se rendre au jardin de l&rsquo;\u00e9cole. Apr\u00e8s avoir observ\u00e9 les fleurs des jonquilles et l&rsquo;apparition des premi\u00e8res tulipes, ils ont d\u00e9sherb\u00e9 les deux premiers &hellip; <a href=\"https:\/\/passerelle2.ac-nantes.fr\/labrulatte-lagravelle\/2021\/04\/03\/travaux-de-printemps-au-jardin\/\">Continuer la lecture <span class=\"meta-nav\">&rarr;<\/span><\/a><\/p>\n","protected":false},"author":7877,"featured_media":0,"comment_status":"open","ping_status":"open","sticky":false,"template":"","format":"standard","meta":{"ngg_post_thumbnail":0,"h5ap_radio_sources":[],"_jetpack_newsletter_access":"","_jetpack_dont_email_post_to_subs":false,"_jetpack_newsletter_tier_id":0,"_jetpack_memberships_contains_paywalled_content":false,"_jetpack_memberships_contains_paid_content":false,"footnotes":""},"categories":[240,375],"tags":[],"post_folder":[],"class_list":["post-26822","post","type-post","status-publish","format-standard","hentry","category-ecole-maternelle","category-archives-fresque-et-zone-humide"],"jetpack_featured_media_url":"","jetpack_sharing_enabled":true,"jetpack_shortlink":"https:\/\/wp.me\/p8Njox-6YC","_links":{"self":[{"href":"https:\/\/passerelle2.ac-nantes.fr\/labrulatte-lagravelle\/wp-json\/wp\/v2\/posts\/26822","targetHints":{"allow":["GET"]}}],"collection":[{"href":"https:\/\/passerelle2.ac-nantes.fr\/labrulatte-lagravelle\/wp-json\/wp\/v2\/posts"}],"about":[{"href":"https:\/\/passerelle2.ac-nantes.fr\/labrulatte-lagravelle\/wp-json\/wp\/v2\/types\/post"}],"author":[{"embeddable":true,"href":"https:\/\/passerelle2.ac-nantes.fr\/labrulatte-lagravelle\/wp-json\/wp\/v2\/users\/7877"}],"replies":[{"embeddable":true,"href":"https:\/\/passerelle2.ac-nantes.fr\/labrulatte-lagravelle\/wp-json\/wp\/v2\/comments?post=26822"}],"version-history":[{"count":0,"href":"https:\/\/passerelle2.ac-nantes.fr\/labrulatte-lagravelle\/wp-json\/wp\/v2\/posts\/26822\/revisions"}],"wp:attachment":[{"href":"https:\/\/passerelle2.ac-nantes.fr\/labrulatte-lagravelle\/wp-json\/wp\/v2\/media?parent=26822"}],"wp:term":[{"taxonomy":"category","embeddable":true,"href":"https:\/\/passerelle2.ac-nantes.fr\/labrulatte-lagravelle\/wp-json\/wp\/v2\/categories?post=26822"},{"taxonomy":"post_tag","embeddable":true,"href":"https:\/\/passerelle2.ac-nantes.fr\/labrulatte-lagravelle\/wp-json\/wp\/v2\/tags?post=26822"},{"taxonomy":"post_folder","embeddable":true,"href":"https:\/\/passerelle2.ac-nantes.fr\/labrulatte-lagravelle\/wp-json\/wp\/v2\/post_folder?post=26822"}],"curies":[{"name":"wp","href":"https:\/\/api.w.org\/{rel}","templated":true}]}}