
{"id":30941,"date":"2022-01-19T08:44:48","date_gmt":"2022-01-19T07:44:48","guid":{"rendered":"https:\/\/passerelle2.ac-nantes.fr\/labrulatte-lagravelle\/?p=30941"},"modified":"2023-09-03T16:28:30","modified_gmt":"2023-09-03T14:28:30","slug":"la-derniere-seance","status":"publish","type":"post","link":"https:\/\/passerelle2.ac-nantes.fr\/labrulatte-lagravelle\/2022\/01\/19\/la-derniere-seance\/","title":{"rendered":"La derni\u00e8re s\u00e9ance"},"content":{"rendered":"\n<div id='gallery-1' class='gallery galleryid-30941 gallery-columns-4 gallery-size-thumbnail'><dl class='gallery-item'>\n\t\t\t<dt class='gallery-icon landscape'>\n\t\t\t\t<a href='https:\/\/passerelle2.ac-nantes.fr\/labrulatte-lagravelle\/2022\/01\/19\/la-derniere-seance\/cecile-17-janvier-a-14\/'><img loading=\"lazy\" decoding=\"async\" width=\"150\" height=\"150\" src=\"https:\/\/passerelle2.ac-nantes.fr\/labrulatte-lagravelle\/wp-content\/uploads\/sites\/96\/2022\/01\/Cecile-17-janvier-A-14-150x150.jpg\" class=\"attachment-thumbnail size-thumbnail\" alt=\"\" \/><\/a>\n\t\t\t<\/dt><\/dl><dl class='gallery-item'>\n\t\t\t<dt class='gallery-icon landscape'>\n\t\t\t\t<a href='https:\/\/passerelle2.ac-nantes.fr\/labrulatte-lagravelle\/2022\/01\/19\/la-derniere-seance\/cecile-17-janvier-a-13\/'><img loading=\"lazy\" decoding=\"async\" width=\"150\" height=\"150\" src=\"https:\/\/passerelle2.ac-nantes.fr\/labrulatte-lagravelle\/wp-content\/uploads\/sites\/96\/2022\/01\/Cecile-17-janvier-A-13-150x150.jpg\" class=\"attachment-thumbnail size-thumbnail\" alt=\"\" \/><\/a>\n\t\t\t<\/dt><\/dl><dl class='gallery-item'>\n\t\t\t<dt class='gallery-icon landscape'>\n\t\t\t\t<a href='https:\/\/passerelle2.ac-nantes.fr\/labrulatte-lagravelle\/2022\/01\/19\/la-derniere-seance\/cecile-17-janvier-a-12\/'><img loading=\"lazy\" decoding=\"async\" width=\"150\" height=\"150\" src=\"https:\/\/passerelle2.ac-nantes.fr\/labrulatte-lagravelle\/wp-content\/uploads\/sites\/96\/2022\/01\/Cecile-17-janvier-A-12-150x150.jpg\" class=\"attachment-thumbnail size-thumbnail\" alt=\"\" \/><\/a>\n\t\t\t<\/dt><\/dl><dl class='gallery-item'>\n\t\t\t<dt class='gallery-icon landscape'>\n\t\t\t\t<a href='https:\/\/passerelle2.ac-nantes.fr\/labrulatte-lagravelle\/2022\/01\/19\/la-derniere-seance\/cecile-17-janvier-a-11\/'><img loading=\"lazy\" decoding=\"async\" width=\"150\" height=\"150\" src=\"https:\/\/passerelle2.ac-nantes.fr\/labrulatte-lagravelle\/wp-content\/uploads\/sites\/96\/2022\/01\/Cecile-17-janvier-A-11-150x150.jpg\" class=\"attachment-thumbnail size-thumbnail\" alt=\"\" \/><\/a>\n\t\t\t<\/dt><\/dl><br style=\"clear: both\" \/><dl class='gallery-item'>\n\t\t\t<dt class='gallery-icon portrait'>\n\t\t\t\t<a href='https:\/\/passerelle2.ac-nantes.fr\/labrulatte-lagravelle\/2022\/01\/19\/la-derniere-seance\/cecile-17-janvier-a-10\/'><img loading=\"lazy\" decoding=\"async\" width=\"150\" height=\"150\" src=\"https:\/\/passerelle2.ac-nantes.fr\/labrulatte-lagravelle\/wp-content\/uploads\/sites\/96\/2022\/01\/Cecile-17-janvier-A-10-150x150.jpg\" class=\"attachment-thumbnail size-thumbnail\" alt=\"\" \/><\/a>\n\t\t\t<\/dt><\/dl><dl class='gallery-item'>\n\t\t\t<dt class='gallery-icon landscape'>\n\t\t\t\t<a href='https:\/\/passerelle2.ac-nantes.fr\/labrulatte-lagravelle\/2022\/01\/19\/la-derniere-seance\/cecile-17-janvier-a-9\/'><img loading=\"lazy\" decoding=\"async\" width=\"150\" height=\"150\" src=\"https:\/\/passerelle2.ac-nantes.fr\/labrulatte-lagravelle\/wp-content\/uploads\/sites\/96\/2022\/01\/Cecile-17-janvier-A-9-150x150.jpg\" class=\"attachment-thumbnail size-thumbnail\" alt=\"\" \/><\/a>\n\t\t\t<\/dt><\/dl><dl class='gallery-item'>\n\t\t\t<dt class='gallery-icon landscape'>\n\t\t\t\t<a href='https:\/\/passerelle2.ac-nantes.fr\/labrulatte-lagravelle\/2022\/01\/19\/la-derniere-seance\/cecile-17-janvier-a-8\/'><img loading=\"lazy\" decoding=\"async\" width=\"150\" height=\"150\" src=\"https:\/\/passerelle2.ac-nantes.fr\/labrulatte-lagravelle\/wp-content\/uploads\/sites\/96\/2022\/01\/Cecile-17-janvier-A-8-150x150.jpg\" class=\"attachment-thumbnail size-thumbnail\" alt=\"\" \/><\/a>\n\t\t\t<\/dt><\/dl><dl class='gallery-item'>\n\t\t\t<dt class='gallery-icon landscape'>\n\t\t\t\t<a href='https:\/\/passerelle2.ac-nantes.fr\/labrulatte-lagravelle\/2022\/01\/19\/la-derniere-seance\/cecile-17-janvier-a-7\/'><img loading=\"lazy\" decoding=\"async\" width=\"150\" height=\"150\" src=\"https:\/\/passerelle2.ac-nantes.fr\/labrulatte-lagravelle\/wp-content\/uploads\/sites\/96\/2022\/01\/Cecile-17-janvier-A-7-150x150.jpg\" class=\"attachment-thumbnail size-thumbnail\" alt=\"\" \/><\/a>\n\t\t\t<\/dt><\/dl><br style=\"clear: both\" \/><dl class='gallery-item'>\n\t\t\t<dt class='gallery-icon portrait'>\n\t\t\t\t<a href='https:\/\/passerelle2.ac-nantes.fr\/labrulatte-lagravelle\/2022\/01\/19\/la-derniere-seance\/cecile-17-janvier-a-6\/'><img loading=\"lazy\" decoding=\"async\" width=\"150\" height=\"150\" src=\"https:\/\/passerelle2.ac-nantes.fr\/labrulatte-lagravelle\/wp-content\/uploads\/sites\/96\/2022\/01\/Cecile-17-janvier-A-6-150x150.jpg\" class=\"attachment-thumbnail size-thumbnail\" alt=\"\" \/><\/a>\n\t\t\t<\/dt><\/dl><dl class='gallery-item'>\n\t\t\t<dt class='gallery-icon portrait'>\n\t\t\t\t<a href='https:\/\/passerelle2.ac-nantes.fr\/labrulatte-lagravelle\/2022\/01\/19\/la-derniere-seance\/cecile-17-janvier-a-5\/'><img loading=\"lazy\" decoding=\"async\" width=\"150\" height=\"150\" src=\"https:\/\/passerelle2.ac-nantes.fr\/labrulatte-lagravelle\/wp-content\/uploads\/sites\/96\/2022\/01\/Cecile-17-janvier-A-5-150x150.jpg\" class=\"attachment-thumbnail size-thumbnail\" alt=\"\" \/><\/a>\n\t\t\t<\/dt><\/dl><dl class='gallery-item'>\n\t\t\t<dt class='gallery-icon landscape'>\n\t\t\t\t<a href='https:\/\/passerelle2.ac-nantes.fr\/labrulatte-lagravelle\/2022\/01\/19\/la-derniere-seance\/cecile-17-janvier-a-4\/'><img loading=\"lazy\" decoding=\"async\" width=\"150\" height=\"150\" src=\"https:\/\/passerelle2.ac-nantes.fr\/labrulatte-lagravelle\/wp-content\/uploads\/sites\/96\/2022\/01\/Cecile-17-janvier-A-4-150x150.jpg\" class=\"attachment-thumbnail size-thumbnail\" alt=\"\" \/><\/a>\n\t\t\t<\/dt><\/dl><dl class='gallery-item'>\n\t\t\t<dt class='gallery-icon landscape'>\n\t\t\t\t<a href='https:\/\/passerelle2.ac-nantes.fr\/labrulatte-lagravelle\/2022\/01\/19\/la-derniere-seance\/cecile-17-janvier-a-3\/'><img loading=\"lazy\" decoding=\"async\" width=\"150\" height=\"150\" src=\"https:\/\/passerelle2.ac-nantes.fr\/labrulatte-lagravelle\/wp-content\/uploads\/sites\/96\/2022\/01\/Cecile-17-janvier-A-3-150x150.jpg\" class=\"attachment-thumbnail size-thumbnail\" alt=\"\" \/><\/a>\n\t\t\t<\/dt><\/dl><br style=\"clear: both\" \/><dl class='gallery-item'>\n\t\t\t<dt class='gallery-icon landscape'>\n\t\t\t\t<a href='https:\/\/passerelle2.ac-nantes.fr\/labrulatte-lagravelle\/2022\/01\/19\/la-derniere-seance\/cecile-17-janvier-a-2\/'><img loading=\"lazy\" decoding=\"async\" width=\"150\" height=\"150\" src=\"https:\/\/passerelle2.ac-nantes.fr\/labrulatte-lagravelle\/wp-content\/uploads\/sites\/96\/2022\/01\/Cecile-17-janvier-A-2-150x150.jpg\" class=\"attachment-thumbnail size-thumbnail\" alt=\"\" \/><\/a>\n\t\t\t<\/dt><\/dl><dl class='gallery-item'>\n\t\t\t<dt class='gallery-icon landscape'>\n\t\t\t\t<a href='https:\/\/passerelle2.ac-nantes.fr\/labrulatte-lagravelle\/2022\/01\/19\/la-derniere-seance\/cecile-17-janvier-a-1\/'><img loading=\"lazy\" decoding=\"async\" width=\"150\" height=\"150\" src=\"https:\/\/passerelle2.ac-nantes.fr\/labrulatte-lagravelle\/wp-content\/uploads\/sites\/96\/2022\/01\/Cecile-17-janvier-A-1-150x150.jpg\" class=\"attachment-thumbnail size-thumbnail\" alt=\"\" \/><\/a>\n\t\t\t<\/dt><\/dl>\n\t\t\t<br style='clear: both' \/>\n\t\t<\/div>\n\n<p>Ce lundi 17 janvier, C\u00e9cile est venue \u00e0 l&rsquo;\u00e9cole pour la toute derni\u00e8re fois. Avec les \u00e9l\u00e8ves de la classe d&rsquo;Adeline, elle repris le travail sur <a href=\"https:\/\/passerelle2.ac-nantes.fr\/labrulatte-lagravelle\/2022\/01\/14\/partition-et-emotion\/\">la lecture de partition<\/a> et effectu\u00e9 les derniers enregistrements.&nbsp;<\/p>\n<p>Au moment, de la r\u00e9cr\u00e9ation, les deux classes lui ont offert un cadeau pour la remercier d&rsquo;\u00eatre venue travailler avec nous sur notre <a href=\"https:\/\/passerelle2.ac-nantes.fr\/labrulatte-lagravelle\/2021\/09\/28\/les-structures-sonores-baschet\/\">projet de sonorisation de la fresque de l&rsquo;\u00e9cole<\/a>. Nous lui avions pr\u00e9par\u00e9 un livret avec des dessins d&rsquo;elle et des structures sonores Baschet.<\/p>\n<div id='gallery-2' class='gallery galleryid-30941 gallery-columns-3 gallery-size-thumbnail'><dl class='gallery-item'>\n\t\t\t<dt class='gallery-icon landscape'>\n\t\t\t\t<a href='https:\/\/passerelle2.ac-nantes.fr\/labrulatte-lagravelle\/2022\/01\/19\/la-derniere-seance\/dessins-pour-cecile-4\/'><img loading=\"lazy\" decoding=\"async\" width=\"150\" height=\"150\" src=\"https:\/\/passerelle2.ac-nantes.fr\/labrulatte-lagravelle\/wp-content\/uploads\/sites\/96\/2022\/01\/Dessins-pour-Cecile-4-150x150.jpg\" class=\"attachment-thumbnail size-thumbnail\" alt=\"\" \/><\/a>\n\t\t\t<\/dt><\/dl><dl class='gallery-item'>\n\t\t\t<dt class='gallery-icon landscape'>\n\t\t\t\t<a href='https:\/\/passerelle2.ac-nantes.fr\/labrulatte-lagravelle\/2022\/01\/19\/la-derniere-seance\/dessins-pour-cecile-5\/'><img loading=\"lazy\" decoding=\"async\" width=\"150\" height=\"150\" src=\"https:\/\/passerelle2.ac-nantes.fr\/labrulatte-lagravelle\/wp-content\/uploads\/sites\/96\/2022\/01\/Dessins-pour-Cecile-5-150x150.jpg\" class=\"attachment-thumbnail size-thumbnail\" alt=\"\" \/><\/a>\n\t\t\t<\/dt><\/dl><dl class='gallery-item'>\n\t\t\t<dt class='gallery-icon portrait'>\n\t\t\t\t<a href='https:\/\/passerelle2.ac-nantes.fr\/labrulatte-lagravelle\/2022\/01\/19\/la-derniere-seance\/dessins-pour-cecile-3\/'><img loading=\"lazy\" decoding=\"async\" width=\"150\" height=\"150\" src=\"https:\/\/passerelle2.ac-nantes.fr\/labrulatte-lagravelle\/wp-content\/uploads\/sites\/96\/2022\/01\/Dessins-pour-Cecile-3-150x150.jpg\" class=\"attachment-thumbnail size-thumbnail\" alt=\"\" \/><\/a>\n\t\t\t<\/dt><\/dl><br style=\"clear: both\" \/><dl class='gallery-item'>\n\t\t\t<dt class='gallery-icon portrait'>\n\t\t\t\t<a href='https:\/\/passerelle2.ac-nantes.fr\/labrulatte-lagravelle\/2022\/01\/19\/la-derniere-seance\/dessins-pour-cecile-2\/'><img loading=\"lazy\" decoding=\"async\" width=\"150\" height=\"150\" src=\"https:\/\/passerelle2.ac-nantes.fr\/labrulatte-lagravelle\/wp-content\/uploads\/sites\/96\/2022\/01\/Dessins-pour-Cecile-2-150x150.jpg\" class=\"attachment-thumbnail size-thumbnail\" alt=\"\" \/><\/a>\n\t\t\t<\/dt><\/dl><dl class='gallery-item'>\n\t\t\t<dt class='gallery-icon portrait'>\n\t\t\t\t<a href='https:\/\/passerelle2.ac-nantes.fr\/labrulatte-lagravelle\/2022\/01\/19\/la-derniere-seance\/dessins-pour-cecile-1\/'><img loading=\"lazy\" decoding=\"async\" width=\"150\" height=\"150\" src=\"https:\/\/passerelle2.ac-nantes.fr\/labrulatte-lagravelle\/wp-content\/uploads\/sites\/96\/2022\/01\/Dessins-pour-Cecile-1-150x150.jpg\" class=\"attachment-thumbnail size-thumbnail\" alt=\"\" \/><\/a>\n\t\t\t<\/dt><\/dl><dl class='gallery-item'>\n\t\t\t<dt class='gallery-icon landscape'>\n\t\t\t\t<a href='https:\/\/passerelle2.ac-nantes.fr\/labrulatte-lagravelle\/2022\/01\/19\/la-derniere-seance\/dessins-pour-cecile-6\/'><img loading=\"lazy\" decoding=\"async\" width=\"150\" height=\"150\" src=\"https:\/\/passerelle2.ac-nantes.fr\/labrulatte-lagravelle\/wp-content\/uploads\/sites\/96\/2022\/01\/Dessins-pour-Cecile-6-150x150.jpg\" class=\"attachment-thumbnail size-thumbnail\" alt=\"\" \/><\/a>\n\t\t\t<\/dt><\/dl><br style=\"clear: both\" \/>\n\t\t<\/div>\n\n<p>Avec les \u00e9l\u00e8ves de la classe de Damien, C\u00e9cile a poursuivi l&rsquo;approche du jeu des intruments par les \u00e9motions et elle a capt\u00e9 le r\u00e9sultat obetnu avec son enregistreur zoom. Elle nous a ensuite fait \u00e9couter les enregistrements pour que nous puissions essayer d&rsquo;identifier les \u00e9motions correspondantes.<\/p>\n<div id='gallery-3' class='gallery galleryid-30941 gallery-columns-4 gallery-size-thumbnail'><dl class='gallery-item'>\n\t\t\t<dt class='gallery-icon landscape'>\n\t\t\t\t<a href='https:\/\/passerelle2.ac-nantes.fr\/labrulatte-lagravelle\/2022\/01\/19\/la-derniere-seance\/cecile-17-janvier-d-2\/'><img loading=\"lazy\" decoding=\"async\" width=\"150\" height=\"150\" src=\"https:\/\/passerelle2.ac-nantes.fr\/labrulatte-lagravelle\/wp-content\/uploads\/sites\/96\/2022\/01\/Cecile-17-janvier-D-2-150x150.jpg\" class=\"attachment-thumbnail size-thumbnail\" alt=\"\" \/><\/a>\n\t\t\t<\/dt><\/dl><dl class='gallery-item'>\n\t\t\t<dt class='gallery-icon landscape'>\n\t\t\t\t<a href='https:\/\/passerelle2.ac-nantes.fr\/labrulatte-lagravelle\/2022\/01\/19\/la-derniere-seance\/cecile-17-janvier-d-6\/'><img loading=\"lazy\" decoding=\"async\" width=\"150\" height=\"150\" src=\"https:\/\/passerelle2.ac-nantes.fr\/labrulatte-lagravelle\/wp-content\/uploads\/sites\/96\/2022\/01\/Cecile-17-janvier-D-6-150x150.jpg\" class=\"attachment-thumbnail size-thumbnail\" alt=\"\" \/><\/a>\n\t\t\t<\/dt><\/dl><dl class='gallery-item'>\n\t\t\t<dt class='gallery-icon landscape'>\n\t\t\t\t<a href='https:\/\/passerelle2.ac-nantes.fr\/labrulatte-lagravelle\/2022\/01\/19\/la-derniere-seance\/cecile-17-janvier-d-9\/'><img loading=\"lazy\" decoding=\"async\" width=\"150\" height=\"150\" src=\"https:\/\/passerelle2.ac-nantes.fr\/labrulatte-lagravelle\/wp-content\/uploads\/sites\/96\/2022\/01\/Cecile-17-janvier-D-9-150x150.jpg\" class=\"attachment-thumbnail size-thumbnail\" alt=\"\" \/><\/a>\n\t\t\t<\/dt><\/dl><dl class='gallery-item'>\n\t\t\t<dt class='gallery-icon landscape'>\n\t\t\t\t<a href='https:\/\/passerelle2.ac-nantes.fr\/labrulatte-lagravelle\/2022\/01\/19\/la-derniere-seance\/cecile-17-janvier-d-11\/'><img loading=\"lazy\" decoding=\"async\" width=\"150\" height=\"150\" src=\"https:\/\/passerelle2.ac-nantes.fr\/labrulatte-lagravelle\/wp-content\/uploads\/sites\/96\/2022\/01\/Cecile-17-janvier-D-11-150x150.jpg\" class=\"attachment-thumbnail size-thumbnail\" alt=\"\" \/><\/a>\n\t\t\t<\/dt><\/dl><br style=\"clear: both\" \/><dl class='gallery-item'>\n\t\t\t<dt class='gallery-icon landscape'>\n\t\t\t\t<a href='https:\/\/passerelle2.ac-nantes.fr\/labrulatte-lagravelle\/2022\/01\/19\/la-derniere-seance\/cecile-17-janvier-d-12\/'><img loading=\"lazy\" decoding=\"async\" width=\"150\" height=\"150\" src=\"https:\/\/passerelle2.ac-nantes.fr\/labrulatte-lagravelle\/wp-content\/uploads\/sites\/96\/2022\/01\/Cecile-17-janvier-D-12-150x150.jpg\" class=\"attachment-thumbnail size-thumbnail\" alt=\"\" \/><\/a>\n\t\t\t<\/dt><\/dl><dl class='gallery-item'>\n\t\t\t<dt class='gallery-icon portrait'>\n\t\t\t\t<a href='https:\/\/passerelle2.ac-nantes.fr\/labrulatte-lagravelle\/2022\/01\/19\/la-derniere-seance\/cecile-17-janvier-d-13\/'><img loading=\"lazy\" decoding=\"async\" width=\"150\" height=\"150\" src=\"https:\/\/passerelle2.ac-nantes.fr\/labrulatte-lagravelle\/wp-content\/uploads\/sites\/96\/2022\/01\/Cecile-17-janvier-D-13-150x150.jpg\" class=\"attachment-thumbnail size-thumbnail\" alt=\"\" \/><\/a>\n\t\t\t<\/dt><\/dl><dl class='gallery-item'>\n\t\t\t<dt class='gallery-icon landscape'>\n\t\t\t\t<a href='https:\/\/passerelle2.ac-nantes.fr\/labrulatte-lagravelle\/2022\/01\/19\/la-derniere-seance\/cecile-17-janvier-d-15\/'><img loading=\"lazy\" decoding=\"async\" width=\"150\" height=\"150\" src=\"https:\/\/passerelle2.ac-nantes.fr\/labrulatte-lagravelle\/wp-content\/uploads\/sites\/96\/2022\/01\/Cecile-17-janvier-D-15-150x150.jpg\" class=\"attachment-thumbnail size-thumbnail\" alt=\"\" \/><\/a>\n\t\t\t<\/dt><\/dl><dl class='gallery-item'>\n\t\t\t<dt class='gallery-icon landscape'>\n\t\t\t\t<a href='https:\/\/passerelle2.ac-nantes.fr\/labrulatte-lagravelle\/2022\/01\/19\/la-derniere-seance\/cecile-17-janvier-d-16\/'><img loading=\"lazy\" decoding=\"async\" width=\"150\" height=\"150\" src=\"https:\/\/passerelle2.ac-nantes.fr\/labrulatte-lagravelle\/wp-content\/uploads\/sites\/96\/2022\/01\/Cecile-17-janvier-D-16-150x150.jpg\" class=\"attachment-thumbnail size-thumbnail\" alt=\"\" \/><\/a>\n\t\t\t<\/dt><\/dl><br style=\"clear: both\" \/><dl class='gallery-item'>\n\t\t\t<dt class='gallery-icon landscape'>\n\t\t\t\t<a href='https:\/\/passerelle2.ac-nantes.fr\/labrulatte-lagravelle\/2022\/01\/19\/la-derniere-seance\/cecile-17-janvier-d-17\/'><img loading=\"lazy\" decoding=\"async\" width=\"150\" height=\"150\" src=\"https:\/\/passerelle2.ac-nantes.fr\/labrulatte-lagravelle\/wp-content\/uploads\/sites\/96\/2022\/01\/Cecile-17-janvier-D-17-150x150.jpg\" class=\"attachment-thumbnail size-thumbnail\" alt=\"\" \/><\/a>\n\t\t\t<\/dt><\/dl><dl class='gallery-item'>\n\t\t\t<dt class='gallery-icon landscape'>\n\t\t\t\t<a href='https:\/\/passerelle2.ac-nantes.fr\/labrulatte-lagravelle\/2022\/01\/19\/la-derniere-seance\/cecile-17-janvier-d-20\/'><img loading=\"lazy\" decoding=\"async\" width=\"150\" height=\"150\" src=\"https:\/\/passerelle2.ac-nantes.fr\/labrulatte-lagravelle\/wp-content\/uploads\/sites\/96\/2022\/01\/Cecile-17-janvier-D-20-150x150.jpg\" class=\"attachment-thumbnail size-thumbnail\" alt=\"\" \/><\/a>\n\t\t\t<\/dt><\/dl><dl class='gallery-item'>\n\t\t\t<dt class='gallery-icon landscape'>\n\t\t\t\t<a href='https:\/\/passerelle2.ac-nantes.fr\/labrulatte-lagravelle\/2022\/01\/19\/la-derniere-seance\/cecile-17-janvier-d-21\/'><img loading=\"lazy\" decoding=\"async\" width=\"150\" height=\"150\" src=\"https:\/\/passerelle2.ac-nantes.fr\/labrulatte-lagravelle\/wp-content\/uploads\/sites\/96\/2022\/01\/Cecile-17-janvier-D-21-150x150.jpg\" class=\"attachment-thumbnail size-thumbnail\" alt=\"\" \/><\/a>\n\t\t\t<\/dt><\/dl><dl class='gallery-item'>\n\t\t\t<dt class='gallery-icon landscape'>\n\t\t\t\t<a href='https:\/\/passerelle2.ac-nantes.fr\/labrulatte-lagravelle\/2022\/01\/19\/la-derniere-seance\/cecile-17-janvier-d-22\/'><img loading=\"lazy\" decoding=\"async\" width=\"150\" height=\"150\" src=\"https:\/\/passerelle2.ac-nantes.fr\/labrulatte-lagravelle\/wp-content\/uploads\/sites\/96\/2022\/01\/Cecile-17-janvier-D-22-150x150.jpg\" class=\"attachment-thumbnail size-thumbnail\" alt=\"\" \/><\/a>\n\t\t\t<\/dt><\/dl><br style=\"clear: both\" \/><dl class='gallery-item'>\n\t\t\t<dt class='gallery-icon landscape'>\n\t\t\t\t<a href='https:\/\/passerelle2.ac-nantes.fr\/labrulatte-lagravelle\/2022\/01\/19\/la-derniere-seance\/cecile-17-janvier-d-24\/'><img loading=\"lazy\" decoding=\"async\" width=\"150\" height=\"150\" src=\"https:\/\/passerelle2.ac-nantes.fr\/labrulatte-lagravelle\/wp-content\/uploads\/sites\/96\/2022\/01\/Cecile-17-janvier-D-24-150x150.jpg\" class=\"attachment-thumbnail size-thumbnail\" alt=\"\" \/><\/a>\n\t\t\t<\/dt><\/dl><dl class='gallery-item'>\n\t\t\t<dt class='gallery-icon landscape'>\n\t\t\t\t<a href='https:\/\/passerelle2.ac-nantes.fr\/labrulatte-lagravelle\/2022\/01\/19\/la-derniere-seance\/cecile-17-janvier-d-26\/'><img loading=\"lazy\" decoding=\"async\" width=\"150\" height=\"150\" src=\"https:\/\/passerelle2.ac-nantes.fr\/labrulatte-lagravelle\/wp-content\/uploads\/sites\/96\/2022\/01\/Cecile-17-janvier-D-26-150x150.jpg\" class=\"attachment-thumbnail size-thumbnail\" alt=\"\" \/><\/a>\n\t\t\t<\/dt><\/dl><dl class='gallery-item'>\n\t\t\t<dt class='gallery-icon landscape'>\n\t\t\t\t<a href='https:\/\/passerelle2.ac-nantes.fr\/labrulatte-lagravelle\/2022\/01\/19\/la-derniere-seance\/cecile-17-janvier-d-30\/'><img loading=\"lazy\" decoding=\"async\" width=\"150\" height=\"150\" src=\"https:\/\/passerelle2.ac-nantes.fr\/labrulatte-lagravelle\/wp-content\/uploads\/sites\/96\/2022\/01\/Cecile-17-janvier-D-30-150x150.jpg\" class=\"attachment-thumbnail size-thumbnail\" alt=\"\" \/><\/a>\n\t\t\t<\/dt><\/dl><dl class='gallery-item'>\n\t\t\t<dt class='gallery-icon landscape'>\n\t\t\t\t<a href='https:\/\/passerelle2.ac-nantes.fr\/labrulatte-lagravelle\/2022\/01\/19\/la-derniere-seance\/cecile-17-janvier-d-32\/'><img loading=\"lazy\" decoding=\"async\" width=\"150\" height=\"150\" src=\"https:\/\/passerelle2.ac-nantes.fr\/labrulatte-lagravelle\/wp-content\/uploads\/sites\/96\/2022\/01\/Cecile-17-janvier-D-32-150x150.jpg\" class=\"attachment-thumbnail size-thumbnail\" alt=\"\" \/><\/a>\n\t\t\t<\/dt><\/dl><br style=\"clear: both\" \/>\n\t\t<\/div>\n\n","protected":false},"excerpt":{"rendered":"<p>Ce lundi 17 janvier, C\u00e9cile est venue \u00e0 l&rsquo;\u00e9cole pour la toute derni\u00e8re fois. Avec les \u00e9l\u00e8ves de la classe d&rsquo;Adeline, elle repris le travail sur la lecture de partition et effectu\u00e9 les derniers enregistrements.&nbsp; Au moment, de la r\u00e9cr\u00e9ation, &hellip; <a href=\"https:\/\/passerelle2.ac-nantes.fr\/labrulatte-lagravelle\/2022\/01\/19\/la-derniere-seance\/\">Continuer la lecture <span class=\"meta-nav\">&rarr;<\/span><\/a><\/p>\n","protected":false},"author":7877,"featured_media":0,"comment_status":"open","ping_status":"open","sticky":false,"template":"","format":"standard","meta":{"ngg_post_thumbnail":0,"h5ap_radio_sources":[],"_jetpack_newsletter_access":"","_jetpack_dont_email_post_to_subs":false,"_jetpack_newsletter_tier_id":0,"_jetpack_memberships_contains_paywalled_content":false,"_jetpack_memberships_contains_paid_content":false,"footnotes":""},"categories":[375],"tags":[],"post_folder":[],"class_list":["post-30941","post","type-post","status-publish","format-standard","hentry","category-archives-fresque-et-zone-humide"],"jetpack_featured_media_url":"","jetpack_sharing_enabled":true,"jetpack_shortlink":"https:\/\/wp.me\/p8Njox-833","_links":{"self":[{"href":"https:\/\/passerelle2.ac-nantes.fr\/labrulatte-lagravelle\/wp-json\/wp\/v2\/posts\/30941","targetHints":{"allow":["GET"]}}],"collection":[{"href":"https:\/\/passerelle2.ac-nantes.fr\/labrulatte-lagravelle\/wp-json\/wp\/v2\/posts"}],"about":[{"href":"https:\/\/passerelle2.ac-nantes.fr\/labrulatte-lagravelle\/wp-json\/wp\/v2\/types\/post"}],"author":[{"embeddable":true,"href":"https:\/\/passerelle2.ac-nantes.fr\/labrulatte-lagravelle\/wp-json\/wp\/v2\/users\/7877"}],"replies":[{"embeddable":true,"href":"https:\/\/passerelle2.ac-nantes.fr\/labrulatte-lagravelle\/wp-json\/wp\/v2\/comments?post=30941"}],"version-history":[{"count":0,"href":"https:\/\/passerelle2.ac-nantes.fr\/labrulatte-lagravelle\/wp-json\/wp\/v2\/posts\/30941\/revisions"}],"wp:attachment":[{"href":"https:\/\/passerelle2.ac-nantes.fr\/labrulatte-lagravelle\/wp-json\/wp\/v2\/media?parent=30941"}],"wp:term":[{"taxonomy":"category","embeddable":true,"href":"https:\/\/passerelle2.ac-nantes.fr\/labrulatte-lagravelle\/wp-json\/wp\/v2\/categories?post=30941"},{"taxonomy":"post_tag","embeddable":true,"href":"https:\/\/passerelle2.ac-nantes.fr\/labrulatte-lagravelle\/wp-json\/wp\/v2\/tags?post=30941"},{"taxonomy":"post_folder","embeddable":true,"href":"https:\/\/passerelle2.ac-nantes.fr\/labrulatte-lagravelle\/wp-json\/wp\/v2\/post_folder?post=30941"}],"curies":[{"name":"wp","href":"https:\/\/api.w.org\/{rel}","templated":true}]}}