
{"id":41139,"date":"2024-06-17T12:23:41","date_gmt":"2024-06-17T10:23:41","guid":{"rendered":"https:\/\/passerelle2.ac-nantes.fr\/labrulatte-lagravelle\/?p=41139"},"modified":"2024-06-23T10:48:57","modified_gmt":"2024-06-23T08:48:57","slug":"a-la-decouverte-de-la-zone-humide-de-la-gravelle","status":"publish","type":"post","link":"https:\/\/passerelle2.ac-nantes.fr\/labrulatte-lagravelle\/2024\/06\/17\/a-la-decouverte-de-la-zone-humide-de-la-gravelle\/","title":{"rendered":"A la d\u00e9couverte de la zone humide de La Gravelle"},"content":{"rendered":"\n\n\n<div id='gallery-1' class='gallery galleryid-41139 gallery-columns-3 gallery-size-thumbnail'><dl class='gallery-item'>\n\t\t\t<dt class='gallery-icon landscape'>\n\t\t\t\t<a href='https:\/\/passerelle2.ac-nantes.fr\/labrulatte-lagravelle\/2024\/06\/17\/a-la-decouverte-de-la-zone-humide-de-la-gravelle\/img-20240612-wa0013\/'><img loading=\"lazy\" decoding=\"async\" width=\"150\" height=\"150\" src=\"https:\/\/passerelle2.ac-nantes.fr\/labrulatte-lagravelle\/wp-content\/uploads\/sites\/96\/2024\/06\/IMG-20240612-WA0013-150x150.jpg\" class=\"attachment-thumbnail size-thumbnail\" alt=\"\" \/><\/a>\n\t\t\t<\/dt><\/dl><dl class='gallery-item'>\n\t\t\t<dt class='gallery-icon landscape'>\n\t\t\t\t<a href='https:\/\/passerelle2.ac-nantes.fr\/labrulatte-lagravelle\/2024\/06\/17\/a-la-decouverte-de-la-zone-humide-de-la-gravelle\/img_8355\/'><img loading=\"lazy\" decoding=\"async\" width=\"150\" height=\"150\" src=\"https:\/\/passerelle2.ac-nantes.fr\/labrulatte-lagravelle\/wp-content\/uploads\/sites\/96\/2024\/06\/IMG_8355-150x150.jpg\" class=\"attachment-thumbnail size-thumbnail\" alt=\"\" \/><\/a>\n\t\t\t<\/dt><\/dl><dl class='gallery-item'>\n\t\t\t<dt class='gallery-icon landscape'>\n\t\t\t\t<a href='https:\/\/passerelle2.ac-nantes.fr\/labrulatte-lagravelle\/2024\/06\/17\/a-la-decouverte-de-la-zone-humide-de-la-gravelle\/img_8349\/'><img loading=\"lazy\" decoding=\"async\" width=\"150\" height=\"150\" src=\"https:\/\/passerelle2.ac-nantes.fr\/labrulatte-lagravelle\/wp-content\/uploads\/sites\/96\/2024\/06\/IMG_8349-150x150.jpg\" class=\"attachment-thumbnail size-thumbnail\" alt=\"\" \/><\/a>\n\t\t\t<\/dt><\/dl><br style=\"clear: both\" \/>\n\t\t<\/div>\n\n<p>L&rsquo;apr\u00e8s-midi du lundi 10 juin, nous avons visit\u00e9 la zone humide de La Gravelle.&nbsp; Nous avons identifi\u00e9 l&rsquo;Oudon qui est le ruisseau qui passe \u00e0 c\u00f4t\u00e9 de l&rsquo;\u00e9cole.<\/p>\n<p>Au passage, les trois groupes ont pu observer une grenouille qui prenait le soleil.<\/p>\n<div id='gallery-2' class='gallery galleryid-41139 gallery-columns-3 gallery-size-thumbnail'><dl class='gallery-item'>\n\t\t\t<dt class='gallery-icon portrait'>\n\t\t\t\t<a href='https:\/\/passerelle2.ac-nantes.fr\/labrulatte-lagravelle\/2024\/06\/17\/a-la-decouverte-de-la-zone-humide-de-la-gravelle\/img_20240610_143839\/'><img loading=\"lazy\" decoding=\"async\" width=\"150\" height=\"150\" src=\"https:\/\/passerelle2.ac-nantes.fr\/labrulatte-lagravelle\/wp-content\/uploads\/sites\/96\/2024\/06\/IMG_20240610_143839-150x150.jpg\" class=\"attachment-thumbnail size-thumbnail\" alt=\"\" \/><\/a>\n\t\t\t<\/dt><\/dl><dl class='gallery-item'>\n\t\t\t<dt class='gallery-icon portrait'>\n\t\t\t\t<a href='https:\/\/passerelle2.ac-nantes.fr\/labrulatte-lagravelle\/2024\/06\/17\/a-la-decouverte-de-la-zone-humide-de-la-gravelle\/img_20240610_143159\/'><img loading=\"lazy\" decoding=\"async\" width=\"150\" height=\"150\" src=\"https:\/\/passerelle2.ac-nantes.fr\/labrulatte-lagravelle\/wp-content\/uploads\/sites\/96\/2024\/06\/IMG_20240610_143159-150x150.jpg\" class=\"attachment-thumbnail size-thumbnail\" alt=\"\" \/><\/a>\n\t\t\t<\/dt><\/dl><dl class='gallery-item'>\n\t\t\t<dt class='gallery-icon portrait'>\n\t\t\t\t<a href='https:\/\/passerelle2.ac-nantes.fr\/labrulatte-lagravelle\/2024\/06\/17\/a-la-decouverte-de-la-zone-humide-de-la-gravelle\/img_8351\/'><img loading=\"lazy\" decoding=\"async\" width=\"150\" height=\"150\" src=\"https:\/\/passerelle2.ac-nantes.fr\/labrulatte-lagravelle\/wp-content\/uploads\/sites\/96\/2024\/06\/IMG_8351-150x150.jpg\" class=\"attachment-thumbnail size-thumbnail\" alt=\"\" \/><\/a>\n\t\t\t<\/dt><\/dl><br style=\"clear: both\" \/><dl class='gallery-item'>\n\t\t\t<dt class='gallery-icon portrait'>\n\t\t\t\t<a href='https:\/\/passerelle2.ac-nantes.fr\/labrulatte-lagravelle\/2024\/06\/17\/a-la-decouverte-de-la-zone-humide-de-la-gravelle\/img_20240610_143149\/'><img loading=\"lazy\" decoding=\"async\" width=\"150\" height=\"150\" src=\"https:\/\/passerelle2.ac-nantes.fr\/labrulatte-lagravelle\/wp-content\/uploads\/sites\/96\/2024\/06\/IMG_20240610_143149-150x150.jpg\" class=\"attachment-thumbnail size-thumbnail\" alt=\"\" \/><\/a>\n\t\t\t<\/dt><\/dl><dl class='gallery-item'>\n\t\t\t<dt class='gallery-icon landscape'>\n\t\t\t\t<a href='https:\/\/passerelle2.ac-nantes.fr\/labrulatte-lagravelle\/2024\/06\/17\/a-la-decouverte-de-la-zone-humide-de-la-gravelle\/img_20240610_135943\/'><img loading=\"lazy\" decoding=\"async\" width=\"150\" height=\"150\" src=\"https:\/\/passerelle2.ac-nantes.fr\/labrulatte-lagravelle\/wp-content\/uploads\/sites\/96\/2024\/06\/IMG_20240610_135943-150x150.jpg\" class=\"attachment-thumbnail size-thumbnail\" alt=\"\" \/><\/a>\n\t\t\t<\/dt><\/dl><dl class='gallery-item'>\n\t\t\t<dt class='gallery-icon landscape'>\n\t\t\t\t<a href='https:\/\/passerelle2.ac-nantes.fr\/labrulatte-lagravelle\/2024\/06\/17\/a-la-decouverte-de-la-zone-humide-de-la-gravelle\/img_20240610_140848\/'><img loading=\"lazy\" decoding=\"async\" width=\"150\" height=\"150\" src=\"https:\/\/passerelle2.ac-nantes.fr\/labrulatte-lagravelle\/wp-content\/uploads\/sites\/96\/2024\/06\/IMG_20240610_140848-150x150.jpg\" class=\"attachment-thumbnail size-thumbnail\" alt=\"\" \/><\/a>\n\t\t\t<\/dt><\/dl><br style=\"clear: both\" \/><dl class='gallery-item'>\n\t\t\t<dt class='gallery-icon landscape'>\n\t\t\t\t<a href='https:\/\/passerelle2.ac-nantes.fr\/labrulatte-lagravelle\/2024\/06\/17\/a-la-decouverte-de-la-zone-humide-de-la-gravelle\/img_20240610_140837\/'><img loading=\"lazy\" decoding=\"async\" width=\"150\" height=\"150\" src=\"https:\/\/passerelle2.ac-nantes.fr\/labrulatte-lagravelle\/wp-content\/uploads\/sites\/96\/2024\/06\/IMG_20240610_140837-150x150.jpg\" class=\"attachment-thumbnail size-thumbnail\" alt=\"\" \/><\/a>\n\t\t\t<\/dt><\/dl><dl class='gallery-item'>\n\t\t\t<dt class='gallery-icon portrait'>\n\t\t\t\t<a href='https:\/\/passerelle2.ac-nantes.fr\/labrulatte-lagravelle\/2024\/06\/17\/a-la-decouverte-de-la-zone-humide-de-la-gravelle\/img_20240610_141635\/'><img loading=\"lazy\" decoding=\"async\" width=\"150\" height=\"150\" src=\"https:\/\/passerelle2.ac-nantes.fr\/labrulatte-lagravelle\/wp-content\/uploads\/sites\/96\/2024\/06\/IMG_20240610_141635-150x150.jpg\" class=\"attachment-thumbnail size-thumbnail\" alt=\"\" \/><\/a>\n\t\t\t<\/dt><\/dl><dl class='gallery-item'>\n\t\t\t<dt class='gallery-icon portrait'>\n\t\t\t\t<a href='https:\/\/passerelle2.ac-nantes.fr\/labrulatte-lagravelle\/2024\/06\/17\/a-la-decouverte-de-la-zone-humide-de-la-gravelle\/img_20240610_141625\/'><img loading=\"lazy\" decoding=\"async\" width=\"150\" height=\"150\" src=\"https:\/\/passerelle2.ac-nantes.fr\/labrulatte-lagravelle\/wp-content\/uploads\/sites\/96\/2024\/06\/IMG_20240610_141625-150x150.jpg\" class=\"attachment-thumbnail size-thumbnail\" alt=\"\" \/><\/a>\n\t\t\t<\/dt><\/dl><br style=\"clear: both\" \/>\n\t\t<\/div>\n\n<p>Arriv\u00e9s \u00e0 la zone humide, nous avons vu de tr\u00e8s grande fleurs avec une forte activit\u00e9 des insectes dessus. Au niveau, du ruisseau nous avons pris le temps de regarder le vol des libellules.<\/p>\n<div id='gallery-3' class='gallery galleryid-41139 gallery-columns-3 gallery-size-thumbnail'><dl class='gallery-item'>\n\t\t\t<dt class='gallery-icon portrait'>\n\t\t\t\t<a href='https:\/\/passerelle2.ac-nantes.fr\/labrulatte-lagravelle\/2024\/06\/17\/a-la-decouverte-de-la-zone-humide-de-la-gravelle\/img_20240610_141148\/'><img loading=\"lazy\" decoding=\"async\" width=\"150\" height=\"150\" src=\"https:\/\/passerelle2.ac-nantes.fr\/labrulatte-lagravelle\/wp-content\/uploads\/sites\/96\/2024\/06\/IMG_20240610_141148-150x150.jpg\" class=\"attachment-thumbnail size-thumbnail\" alt=\"\" \/><\/a>\n\t\t\t<\/dt><\/dl><dl class='gallery-item'>\n\t\t\t<dt class='gallery-icon landscape'>\n\t\t\t\t<a href='https:\/\/passerelle2.ac-nantes.fr\/labrulatte-lagravelle\/2024\/06\/17\/a-la-decouverte-de-la-zone-humide-de-la-gravelle\/img_20240610_135003\/'><img loading=\"lazy\" decoding=\"async\" width=\"150\" height=\"150\" src=\"https:\/\/passerelle2.ac-nantes.fr\/labrulatte-lagravelle\/wp-content\/uploads\/sites\/96\/2024\/06\/IMG_20240610_135003-150x150.jpg\" class=\"attachment-thumbnail size-thumbnail\" alt=\"\" \/><\/a>\n\t\t\t<\/dt><\/dl><dl class='gallery-item'>\n\t\t\t<dt class='gallery-icon landscape'>\n\t\t\t\t<a href='https:\/\/passerelle2.ac-nantes.fr\/labrulatte-lagravelle\/2024\/06\/17\/a-la-decouverte-de-la-zone-humide-de-la-gravelle\/img_8352\/'><img loading=\"lazy\" decoding=\"async\" width=\"150\" height=\"150\" src=\"https:\/\/passerelle2.ac-nantes.fr\/labrulatte-lagravelle\/wp-content\/uploads\/sites\/96\/2024\/06\/IMG_8352-150x150.jpg\" class=\"attachment-thumbnail size-thumbnail\" alt=\"\" \/><\/a>\n\t\t\t<\/dt><\/dl><br style=\"clear: both\" \/><dl class='gallery-item'>\n\t\t\t<dt class='gallery-icon portrait'>\n\t\t\t\t<a href='https:\/\/passerelle2.ac-nantes.fr\/labrulatte-lagravelle\/2024\/06\/17\/a-la-decouverte-de-la-zone-humide-de-la-gravelle\/img_20240610_141204\/'><img loading=\"lazy\" decoding=\"async\" width=\"150\" height=\"150\" src=\"https:\/\/passerelle2.ac-nantes.fr\/labrulatte-lagravelle\/wp-content\/uploads\/sites\/96\/2024\/06\/IMG_20240610_141204-150x150.jpg\" class=\"attachment-thumbnail size-thumbnail\" alt=\"\" \/><\/a>\n\t\t\t<\/dt><\/dl><dl class='gallery-item'>\n\t\t\t<dt class='gallery-icon landscape'>\n\t\t\t\t<a href='https:\/\/passerelle2.ac-nantes.fr\/labrulatte-lagravelle\/2024\/06\/17\/a-la-decouverte-de-la-zone-humide-de-la-gravelle\/img_20240610_141315\/'><img loading=\"lazy\" decoding=\"async\" width=\"150\" height=\"150\" src=\"https:\/\/passerelle2.ac-nantes.fr\/labrulatte-lagravelle\/wp-content\/uploads\/sites\/96\/2024\/06\/IMG_20240610_141315-150x150.jpg\" class=\"attachment-thumbnail size-thumbnail\" alt=\"\" \/><\/a>\n\t\t\t<\/dt><\/dl><dl class='gallery-item'>\n\t\t\t<dt class='gallery-icon landscape'>\n\t\t\t\t<a href='https:\/\/passerelle2.ac-nantes.fr\/labrulatte-lagravelle\/2024\/06\/17\/a-la-decouverte-de-la-zone-humide-de-la-gravelle\/img_20240610_141319\/'><img loading=\"lazy\" decoding=\"async\" width=\"150\" height=\"150\" src=\"https:\/\/passerelle2.ac-nantes.fr\/labrulatte-lagravelle\/wp-content\/uploads\/sites\/96\/2024\/06\/IMG_20240610_141319-150x150.jpg\" class=\"attachment-thumbnail size-thumbnail\" alt=\"\" \/><\/a>\n\t\t\t<\/dt><\/dl><br style=\"clear: both\" \/><dl class='gallery-item'>\n\t\t\t<dt class='gallery-icon landscape'>\n\t\t\t\t<a href='https:\/\/passerelle2.ac-nantes.fr\/labrulatte-lagravelle\/2024\/06\/17\/a-la-decouverte-de-la-zone-humide-de-la-gravelle\/img_20240610_141324\/'><img loading=\"lazy\" decoding=\"async\" width=\"150\" height=\"150\" src=\"https:\/\/passerelle2.ac-nantes.fr\/labrulatte-lagravelle\/wp-content\/uploads\/sites\/96\/2024\/06\/IMG_20240610_141324-150x150.jpg\" class=\"attachment-thumbnail size-thumbnail\" alt=\"\" \/><\/a>\n\t\t\t<\/dt><\/dl><dl class='gallery-item'>\n\t\t\t<dt class='gallery-icon landscape'>\n\t\t\t\t<a href='https:\/\/passerelle2.ac-nantes.fr\/labrulatte-lagravelle\/2024\/06\/17\/a-la-decouverte-de-la-zone-humide-de-la-gravelle\/img_20240610_141325\/'><img loading=\"lazy\" decoding=\"async\" width=\"150\" height=\"150\" src=\"https:\/\/passerelle2.ac-nantes.fr\/labrulatte-lagravelle\/wp-content\/uploads\/sites\/96\/2024\/06\/IMG_20240610_141325-150x150.jpg\" class=\"attachment-thumbnail size-thumbnail\" alt=\"\" \/><\/a>\n\t\t\t<\/dt><\/dl><dl class='gallery-item'>\n\t\t\t<dt class='gallery-icon portrait'>\n\t\t\t\t<a href='https:\/\/passerelle2.ac-nantes.fr\/labrulatte-lagravelle\/2024\/06\/17\/a-la-decouverte-de-la-zone-humide-de-la-gravelle\/img_20240610_144337\/'><img loading=\"lazy\" decoding=\"async\" width=\"150\" height=\"150\" src=\"https:\/\/passerelle2.ac-nantes.fr\/labrulatte-lagravelle\/wp-content\/uploads\/sites\/96\/2024\/06\/IMG_20240610_144337-150x150.jpg\" class=\"attachment-thumbnail size-thumbnail\" alt=\"\" \/><\/a>\n\t\t\t<\/dt><\/dl><br style=\"clear: both\" \/>\n\t\t<\/div>\n\n<p>En poursuivant notre visite, nous nous sommes arr\u00eat\u00e9s sous les arbres afin d&rsquo;\u00e9couter le chant des oiseaux.<\/p>\n<p>Nous sommes pass\u00e9s devant la mare et la haie de saules.<\/p>\n<p>Cette balade nous a permis de comparer la zone humide de La Br\u00fblatte avec celle de La Gravelle.<\/p>\n<div id='gallery-4' class='gallery galleryid-41139 gallery-columns-4 gallery-size-thumbnail'><dl class='gallery-item'>\n\t\t\t<dt class='gallery-icon portrait'>\n\t\t\t\t<a href='https:\/\/passerelle2.ac-nantes.fr\/labrulatte-lagravelle\/2024\/06\/17\/a-la-decouverte-de-la-zone-humide-de-la-gravelle\/img_20240610_142146\/'><img loading=\"lazy\" decoding=\"async\" width=\"150\" height=\"150\" src=\"https:\/\/passerelle2.ac-nantes.fr\/labrulatte-lagravelle\/wp-content\/uploads\/sites\/96\/2024\/06\/IMG_20240610_142146-150x150.jpg\" class=\"attachment-thumbnail size-thumbnail\" alt=\"\" \/><\/a>\n\t\t\t<\/dt><\/dl><dl class='gallery-item'>\n\t\t\t<dt class='gallery-icon landscape'>\n\t\t\t\t<a href='https:\/\/passerelle2.ac-nantes.fr\/labrulatte-lagravelle\/2024\/06\/17\/a-la-decouverte-de-la-zone-humide-de-la-gravelle\/img_20240610_142134\/'><img loading=\"lazy\" decoding=\"async\" width=\"150\" height=\"150\" src=\"https:\/\/passerelle2.ac-nantes.fr\/labrulatte-lagravelle\/wp-content\/uploads\/sites\/96\/2024\/06\/IMG_20240610_142134-150x150.jpg\" class=\"attachment-thumbnail size-thumbnail\" alt=\"\" \/><\/a>\n\t\t\t<\/dt><\/dl><dl class='gallery-item'>\n\t\t\t<dt class='gallery-icon landscape'>\n\t\t\t\t<a href='https:\/\/passerelle2.ac-nantes.fr\/labrulatte-lagravelle\/2024\/06\/17\/a-la-decouverte-de-la-zone-humide-de-la-gravelle\/img_20240610_142410\/'><img loading=\"lazy\" decoding=\"async\" width=\"150\" height=\"150\" src=\"https:\/\/passerelle2.ac-nantes.fr\/labrulatte-lagravelle\/wp-content\/uploads\/sites\/96\/2024\/06\/IMG_20240610_142410-150x150.jpg\" class=\"attachment-thumbnail size-thumbnail\" alt=\"\" \/><\/a>\n\t\t\t<\/dt><\/dl><dl class='gallery-item'>\n\t\t\t<dt class='gallery-icon portrait'>\n\t\t\t\t<a href='https:\/\/passerelle2.ac-nantes.fr\/labrulatte-lagravelle\/2024\/06\/17\/a-la-decouverte-de-la-zone-humide-de-la-gravelle\/img_20240610_135121\/'><img loading=\"lazy\" decoding=\"async\" width=\"150\" height=\"150\" src=\"https:\/\/passerelle2.ac-nantes.fr\/labrulatte-lagravelle\/wp-content\/uploads\/sites\/96\/2024\/06\/IMG_20240610_135121-150x150.jpg\" class=\"attachment-thumbnail size-thumbnail\" alt=\"\" \/><\/a>\n\t\t\t<\/dt><\/dl><br style=\"clear: both\" \/><dl class='gallery-item'>\n\t\t\t<dt class='gallery-icon landscape'>\n\t\t\t\t<a href='https:\/\/passerelle2.ac-nantes.fr\/labrulatte-lagravelle\/2024\/06\/17\/a-la-decouverte-de-la-zone-humide-de-la-gravelle\/img_20240610_135115\/'><img loading=\"lazy\" decoding=\"async\" width=\"150\" height=\"150\" src=\"https:\/\/passerelle2.ac-nantes.fr\/labrulatte-lagravelle\/wp-content\/uploads\/sites\/96\/2024\/06\/IMG_20240610_135115-150x150.jpg\" class=\"attachment-thumbnail size-thumbnail\" alt=\"\" \/><\/a>\n\t\t\t<\/dt><\/dl><dl class='gallery-item'>\n\t\t\t<dt class='gallery-icon landscape'>\n\t\t\t\t<a href='https:\/\/passerelle2.ac-nantes.fr\/labrulatte-lagravelle\/2024\/06\/17\/a-la-decouverte-de-la-zone-humide-de-la-gravelle\/img_20240610_135119\/'><img loading=\"lazy\" decoding=\"async\" width=\"150\" height=\"150\" src=\"https:\/\/passerelle2.ac-nantes.fr\/labrulatte-lagravelle\/wp-content\/uploads\/sites\/96\/2024\/06\/IMG_20240610_135119-150x150.jpg\" class=\"attachment-thumbnail size-thumbnail\" alt=\"\" \/><\/a>\n\t\t\t<\/dt><\/dl><dl class='gallery-item'>\n\t\t\t<dt class='gallery-icon portrait'>\n\t\t\t\t<a href='https:\/\/passerelle2.ac-nantes.fr\/labrulatte-lagravelle\/2024\/06\/17\/a-la-decouverte-de-la-zone-humide-de-la-gravelle\/img_20240610_135058\/'><img loading=\"lazy\" decoding=\"async\" width=\"150\" height=\"150\" src=\"https:\/\/passerelle2.ac-nantes.fr\/labrulatte-lagravelle\/wp-content\/uploads\/sites\/96\/2024\/06\/IMG_20240610_135058-150x150.jpg\" class=\"attachment-thumbnail size-thumbnail\" alt=\"\" \/><\/a>\n\t\t\t<\/dt><\/dl><dl class='gallery-item'>\n\t\t\t<dt class='gallery-icon portrait'>\n\t\t\t\t<a href='https:\/\/passerelle2.ac-nantes.fr\/labrulatte-lagravelle\/2024\/06\/17\/a-la-decouverte-de-la-zone-humide-de-la-gravelle\/img_20240610_135106\/'><img loading=\"lazy\" decoding=\"async\" width=\"150\" height=\"150\" src=\"https:\/\/passerelle2.ac-nantes.fr\/labrulatte-lagravelle\/wp-content\/uploads\/sites\/96\/2024\/06\/IMG_20240610_135106-150x150.jpg\" class=\"attachment-thumbnail size-thumbnail\" alt=\"\" \/><\/a>\n\t\t\t<\/dt><\/dl><br style=\"clear: both\" \/><dl class='gallery-item'>\n\t\t\t<dt class='gallery-icon landscape'>\n\t\t\t\t<a href='https:\/\/passerelle2.ac-nantes.fr\/labrulatte-lagravelle\/2024\/06\/17\/a-la-decouverte-de-la-zone-humide-de-la-gravelle\/img_20240610_142706\/'><img loading=\"lazy\" decoding=\"async\" width=\"150\" height=\"150\" src=\"https:\/\/passerelle2.ac-nantes.fr\/labrulatte-lagravelle\/wp-content\/uploads\/sites\/96\/2024\/06\/IMG_20240610_142706-150x150.jpg\" class=\"attachment-thumbnail size-thumbnail\" alt=\"\" \/><\/a>\n\t\t\t<\/dt><\/dl><dl class='gallery-item'>\n\t\t\t<dt class='gallery-icon landscape'>\n\t\t\t\t<a href='https:\/\/passerelle2.ac-nantes.fr\/labrulatte-lagravelle\/2024\/06\/17\/a-la-decouverte-de-la-zone-humide-de-la-gravelle\/img_20240610_135043\/'><img loading=\"lazy\" decoding=\"async\" width=\"150\" height=\"150\" src=\"https:\/\/passerelle2.ac-nantes.fr\/labrulatte-lagravelle\/wp-content\/uploads\/sites\/96\/2024\/06\/IMG_20240610_135043-150x150.jpg\" class=\"attachment-thumbnail size-thumbnail\" alt=\"\" \/><\/a>\n\t\t\t<\/dt><\/dl><dl class='gallery-item'>\n\t\t\t<dt class='gallery-icon landscape'>\n\t\t\t\t<a href='https:\/\/passerelle2.ac-nantes.fr\/labrulatte-lagravelle\/2024\/06\/17\/a-la-decouverte-de-la-zone-humide-de-la-gravelle\/img_8356\/'><img loading=\"lazy\" decoding=\"async\" width=\"150\" height=\"150\" src=\"https:\/\/passerelle2.ac-nantes.fr\/labrulatte-lagravelle\/wp-content\/uploads\/sites\/96\/2024\/06\/IMG_8356-150x150.jpg\" class=\"attachment-thumbnail size-thumbnail\" alt=\"\" \/><\/a>\n\t\t\t<\/dt><\/dl>\n\t\t\t<br style='clear: both' \/>\n\t\t<\/div>\n\n","protected":false},"excerpt":{"rendered":"<p>L&rsquo;apr\u00e8s-midi du lundi 10 juin, nous avons visit\u00e9 la zone humide de La Gravelle.&nbsp; Nous avons identifi\u00e9 l&rsquo;Oudon qui est le ruisseau qui passe \u00e0 c\u00f4t\u00e9 de l&rsquo;\u00e9cole. Au passage, les trois groupes ont pu observer une grenouille qui prenait &hellip; <a href=\"https:\/\/passerelle2.ac-nantes.fr\/labrulatte-lagravelle\/2024\/06\/17\/a-la-decouverte-de-la-zone-humide-de-la-gravelle\/\">Continuer la lecture <span class=\"meta-nav\">&rarr;<\/span><\/a><\/p>\n","protected":false},"author":7877,"featured_media":0,"comment_status":"open","ping_status":"open","sticky":false,"template":"","format":"standard","meta":{"ngg_post_thumbnail":0,"h5ap_radio_sources":[],"_jetpack_newsletter_access":"","_jetpack_dont_email_post_to_subs":false,"_jetpack_newsletter_tier_id":0,"_jetpack_memberships_contains_paywalled_content":false,"_jetpack_memberships_contains_paid_content":false,"footnotes":""},"categories":[240,104,5,180],"tags":[],"post_folder":[],"class_list":["post-41139","post","type-post","status-publish","format-standard","hentry","category-ecole-maternelle","category-tpsps","category-ps-gs","category-explorer-le-monde"],"jetpack_featured_media_url":"","jetpack_sharing_enabled":true,"jetpack_shortlink":"https:\/\/wp.me\/p8Njox-aHx","_links":{"self":[{"href":"https:\/\/passerelle2.ac-nantes.fr\/labrulatte-lagravelle\/wp-json\/wp\/v2\/posts\/41139","targetHints":{"allow":["GET"]}}],"collection":[{"href":"https:\/\/passerelle2.ac-nantes.fr\/labrulatte-lagravelle\/wp-json\/wp\/v2\/posts"}],"about":[{"href":"https:\/\/passerelle2.ac-nantes.fr\/labrulatte-lagravelle\/wp-json\/wp\/v2\/types\/post"}],"author":[{"embeddable":true,"href":"https:\/\/passerelle2.ac-nantes.fr\/labrulatte-lagravelle\/wp-json\/wp\/v2\/users\/7877"}],"replies":[{"embeddable":true,"href":"https:\/\/passerelle2.ac-nantes.fr\/labrulatte-lagravelle\/wp-json\/wp\/v2\/comments?post=41139"}],"version-history":[{"count":0,"href":"https:\/\/passerelle2.ac-nantes.fr\/labrulatte-lagravelle\/wp-json\/wp\/v2\/posts\/41139\/revisions"}],"wp:attachment":[{"href":"https:\/\/passerelle2.ac-nantes.fr\/labrulatte-lagravelle\/wp-json\/wp\/v2\/media?parent=41139"}],"wp:term":[{"taxonomy":"category","embeddable":true,"href":"https:\/\/passerelle2.ac-nantes.fr\/labrulatte-lagravelle\/wp-json\/wp\/v2\/categories?post=41139"},{"taxonomy":"post_tag","embeddable":true,"href":"https:\/\/passerelle2.ac-nantes.fr\/labrulatte-lagravelle\/wp-json\/wp\/v2\/tags?post=41139"},{"taxonomy":"post_folder","embeddable":true,"href":"https:\/\/passerelle2.ac-nantes.fr\/labrulatte-lagravelle\/wp-json\/wp\/v2\/post_folder?post=41139"}],"curies":[{"name":"wp","href":"https:\/\/api.w.org\/{rel}","templated":true}]}}