
{"id":43514,"date":"2025-03-03T21:23:28","date_gmt":"2025-03-03T20:23:28","guid":{"rendered":"https:\/\/passerelle2.ac-nantes.fr\/labrulatte-lagravelle\/?p=43514"},"modified":"2025-03-03T21:23:29","modified_gmt":"2025-03-03T20:23:29","slug":"arc-en-ciel-danatolie","status":"publish","type":"post","link":"https:\/\/passerelle2.ac-nantes.fr\/labrulatte-lagravelle\/2025\/03\/03\/arc-en-ciel-danatolie\/","title":{"rendered":"Arc-en-ciel d&rsquo;Anatolie"},"content":{"rendered":"\n<p><a href=\"https:\/\/passerelle2.ac-nantes.fr\/labrulatte-lagravelle\/wp-content\/uploads\/sites\/96\/2025\/03\/2025-03-02_152258.jpg\"><img loading=\"lazy\" decoding=\"async\" class=\"aligncenter size-medium wp-image-43542\" src=\"https:\/\/passerelle2.ac-nantes.fr\/labrulatte-lagravelle\/wp-content\/uploads\/sites\/96\/2025\/03\/2025-03-02_152258-214x300.jpg\" alt=\"\" width=\"214\" height=\"300\" srcset=\"https:\/\/passerelle2.ac-nantes.fr\/labrulatte-lagravelle\/wp-content\/uploads\/sites\/96\/2025\/03\/2025-03-02_152258-214x300.jpg 214w, https:\/\/passerelle2.ac-nantes.fr\/labrulatte-lagravelle\/wp-content\/uploads\/sites\/96\/2025\/03\/2025-03-02_152258.jpg 428w\" sizes=\"auto, (max-width: 214px) 100vw, 214px\" \/><\/a><\/p>\n<p>Le vendredi 28 f\u00e9vrier matin, les deux classes de l&rsquo;\u00e9cole maternelle se sont rendues au th\u00e9\u00e2tre de Laval pour assister au spectacle musical intitul\u00e9 \u00ab\u00a0<strong><em>Arc-en-ciel d&rsquo;Anatolie<\/em><\/strong>\u00a0\u00bb dans le cadre des Jeunesses Musicales de France.<\/p>\n<div id='gallery-1' class='gallery galleryid-43514 gallery-columns-3 gallery-size-thumbnail'><dl class='gallery-item'>\n\t\t\t<dt class='gallery-icon portrait'>\n\t\t\t\t<a href='https:\/\/passerelle2.ac-nantes.fr\/labrulatte-lagravelle\/2025\/03\/03\/arc-en-ciel-danatolie\/img_2789\/'><img loading=\"lazy\" decoding=\"async\" width=\"150\" height=\"150\" src=\"https:\/\/passerelle2.ac-nantes.fr\/labrulatte-lagravelle\/wp-content\/uploads\/sites\/96\/2025\/03\/IMG_2789-150x150.jpg\" class=\"attachment-thumbnail size-thumbnail\" alt=\"\" \/><\/a>\n\t\t\t<\/dt><\/dl><dl class='gallery-item'>\n\t\t\t<dt class='gallery-icon landscape'>\n\t\t\t\t<a href='https:\/\/passerelle2.ac-nantes.fr\/labrulatte-lagravelle\/2025\/03\/03\/arc-en-ciel-danatolie\/img_2793\/'><img loading=\"lazy\" decoding=\"async\" width=\"150\" height=\"150\" src=\"https:\/\/passerelle2.ac-nantes.fr\/labrulatte-lagravelle\/wp-content\/uploads\/sites\/96\/2025\/03\/IMG_2793-150x150.jpg\" class=\"attachment-thumbnail size-thumbnail\" alt=\"\" \/><\/a>\n\t\t\t<\/dt><\/dl><dl class='gallery-item'>\n\t\t\t<dt class='gallery-icon portrait'>\n\t\t\t\t<a href='https:\/\/passerelle2.ac-nantes.fr\/labrulatte-lagravelle\/2025\/03\/03\/arc-en-ciel-danatolie\/img_2795\/'><img loading=\"lazy\" decoding=\"async\" width=\"150\" height=\"150\" src=\"https:\/\/passerelle2.ac-nantes.fr\/labrulatte-lagravelle\/wp-content\/uploads\/sites\/96\/2025\/03\/IMG_2795-150x150.jpg\" class=\"attachment-thumbnail size-thumbnail\" alt=\"\" \/><\/a>\n\t\t\t<\/dt><\/dl><br style=\"clear: both\" \/><dl class='gallery-item'>\n\t\t\t<dt class='gallery-icon landscape'>\n\t\t\t\t<a href='https:\/\/passerelle2.ac-nantes.fr\/labrulatte-lagravelle\/2025\/03\/03\/arc-en-ciel-danatolie\/img_2797\/'><img loading=\"lazy\" decoding=\"async\" width=\"150\" height=\"150\" src=\"https:\/\/passerelle2.ac-nantes.fr\/labrulatte-lagravelle\/wp-content\/uploads\/sites\/96\/2025\/03\/IMG_2797-150x150.jpg\" class=\"attachment-thumbnail size-thumbnail\" alt=\"\" \/><\/a>\n\t\t\t<\/dt><\/dl><dl class='gallery-item'>\n\t\t\t<dt class='gallery-icon landscape'>\n\t\t\t\t<a href='https:\/\/passerelle2.ac-nantes.fr\/labrulatte-lagravelle\/2025\/03\/03\/arc-en-ciel-danatolie\/img_2798\/'><img loading=\"lazy\" decoding=\"async\" width=\"150\" height=\"150\" src=\"https:\/\/passerelle2.ac-nantes.fr\/labrulatte-lagravelle\/wp-content\/uploads\/sites\/96\/2025\/03\/IMG_2798-150x150.jpg\" class=\"attachment-thumbnail size-thumbnail\" alt=\"\" \/><\/a>\n\t\t\t<\/dt><\/dl><dl class='gallery-item'>\n\t\t\t<dt class='gallery-icon landscape'>\n\t\t\t\t<a href='https:\/\/passerelle2.ac-nantes.fr\/labrulatte-lagravelle\/2025\/03\/03\/arc-en-ciel-danatolie\/img_2799\/'><img loading=\"lazy\" decoding=\"async\" width=\"150\" height=\"150\" src=\"https:\/\/passerelle2.ac-nantes.fr\/labrulatte-lagravelle\/wp-content\/uploads\/sites\/96\/2025\/03\/IMG_2799-150x150.jpg\" class=\"attachment-thumbnail size-thumbnail\" alt=\"\" \/><\/a>\n\t\t\t<\/dt><\/dl><br style=\"clear: both\" \/>\n\t\t<\/div>\n\n<p><em>\u00ab Anatolie \u00bb vient du grec&nbsp;anatol\u00e9&nbsp;et signifie litt\u00e9ralement \u00ab lever de soleil \u00bb. \u00c0 l\u2019image de l\u2019aurore, les musiciens ont pens\u00e9 cette cr\u00e9ation comme un \u00e9merveillement pour les plus petits. Dans une d\u00e9marche tout onirique et contemplative, ils c\u00e9l\u00e8brent la rencontre des cultures et l\u2019importance de pr\u00e9server l\u2019innocence qui sommeille en chacun de nous. Derri\u00e8re eux, comme \u00e0 travers une grande fen\u00eatre, sont projet\u00e9s les tableaux visuels originaux et l\u00e9g\u00e8rement anim\u00e9s de la plasticienne Lo\u00efse Bulot afin de cr\u00e9er un \u00c9den fantastique et protecteur hors du temps et d\u2019une extr\u00eame douceur.<\/em><\/p>\n<p><em>Inspir\u00e9es par la musique modale et minimaliste, les compositions sont pens\u00e9es comme des caresses pour les toutes petites oreilles gr\u00e2ce \u00e0 des timbres apaisants comme ceux du duduk, de la fl\u00fbte traversi\u00e8re et de la voix. Le voyage nous enveloppe, de la terre vers le ciel, jusqu\u2019au tourbillon final symbolis\u00e9 par la jupe de derviche tourneur, clin d\u2019oeil dans\u00e9 \u00e0 la tradition soufie.<\/em><\/p>\n<div id='gallery-2' class='gallery galleryid-43514 gallery-columns-4 gallery-size-thumbnail'><dl class='gallery-item'>\n\t\t\t<dt class='gallery-icon portrait'>\n\t\t\t\t<a href='https:\/\/passerelle2.ac-nantes.fr\/labrulatte-lagravelle\/2025\/03\/03\/arc-en-ciel-danatolie\/img_2800\/'><img loading=\"lazy\" decoding=\"async\" width=\"150\" height=\"150\" src=\"https:\/\/passerelle2.ac-nantes.fr\/labrulatte-lagravelle\/wp-content\/uploads\/sites\/96\/2025\/03\/IMG_2800-150x150.jpg\" class=\"attachment-thumbnail size-thumbnail\" alt=\"\" \/><\/a>\n\t\t\t<\/dt><\/dl><dl class='gallery-item'>\n\t\t\t<dt class='gallery-icon portrait'>\n\t\t\t\t<a href='https:\/\/passerelle2.ac-nantes.fr\/labrulatte-lagravelle\/2025\/03\/03\/arc-en-ciel-danatolie\/img_2801\/'><img loading=\"lazy\" decoding=\"async\" width=\"150\" height=\"150\" src=\"https:\/\/passerelle2.ac-nantes.fr\/labrulatte-lagravelle\/wp-content\/uploads\/sites\/96\/2025\/03\/IMG_2801-150x150.jpg\" class=\"attachment-thumbnail size-thumbnail\" alt=\"\" \/><\/a>\n\t\t\t<\/dt><\/dl><dl class='gallery-item'>\n\t\t\t<dt class='gallery-icon landscape'>\n\t\t\t\t<a href='https:\/\/passerelle2.ac-nantes.fr\/labrulatte-lagravelle\/2025\/03\/03\/arc-en-ciel-danatolie\/img_2806\/'><img loading=\"lazy\" decoding=\"async\" width=\"150\" height=\"150\" src=\"https:\/\/passerelle2.ac-nantes.fr\/labrulatte-lagravelle\/wp-content\/uploads\/sites\/96\/2025\/03\/IMG_2806-150x150.jpg\" class=\"attachment-thumbnail size-thumbnail\" alt=\"\" \/><\/a>\n\t\t\t<\/dt><\/dl><dl class='gallery-item'>\n\t\t\t<dt class='gallery-icon landscape'>\n\t\t\t\t<a href='https:\/\/passerelle2.ac-nantes.fr\/labrulatte-lagravelle\/2025\/03\/03\/arc-en-ciel-danatolie\/img_2802\/'><img loading=\"lazy\" decoding=\"async\" width=\"150\" height=\"150\" src=\"https:\/\/passerelle2.ac-nantes.fr\/labrulatte-lagravelle\/wp-content\/uploads\/sites\/96\/2025\/03\/IMG_2802-150x150.jpg\" class=\"attachment-thumbnail size-thumbnail\" alt=\"\" \/><\/a>\n\t\t\t<\/dt><\/dl><br style=\"clear: both\" \/><dl class='gallery-item'>\n\t\t\t<dt class='gallery-icon portrait'>\n\t\t\t\t<a href='https:\/\/passerelle2.ac-nantes.fr\/labrulatte-lagravelle\/2025\/03\/03\/arc-en-ciel-danatolie\/img_2808\/'><img loading=\"lazy\" decoding=\"async\" width=\"150\" height=\"150\" src=\"https:\/\/passerelle2.ac-nantes.fr\/labrulatte-lagravelle\/wp-content\/uploads\/sites\/96\/2025\/03\/IMG_2808-150x150.jpg\" class=\"attachment-thumbnail size-thumbnail\" alt=\"\" \/><\/a>\n\t\t\t<\/dt><\/dl><dl class='gallery-item'>\n\t\t\t<dt class='gallery-icon landscape'>\n\t\t\t\t<a href='https:\/\/passerelle2.ac-nantes.fr\/labrulatte-lagravelle\/2025\/03\/03\/arc-en-ciel-danatolie\/img_2803\/'><img loading=\"lazy\" decoding=\"async\" width=\"150\" height=\"150\" src=\"https:\/\/passerelle2.ac-nantes.fr\/labrulatte-lagravelle\/wp-content\/uploads\/sites\/96\/2025\/03\/IMG_2803-150x150.jpg\" class=\"attachment-thumbnail size-thumbnail\" alt=\"\" \/><\/a>\n\t\t\t<\/dt><\/dl><dl class='gallery-item'>\n\t\t\t<dt class='gallery-icon portrait'>\n\t\t\t\t<a href='https:\/\/passerelle2.ac-nantes.fr\/labrulatte-lagravelle\/2025\/03\/03\/arc-en-ciel-danatolie\/2024-pds-jm-france-767\/'><img loading=\"lazy\" decoding=\"async\" width=\"150\" height=\"150\" src=\"https:\/\/passerelle2.ac-nantes.fr\/labrulatte-lagravelle\/wp-content\/uploads\/sites\/96\/2025\/03\/2024-PDS-JM-France-767-150x150.jpg\" class=\"attachment-thumbnail size-thumbnail\" alt=\"\" \/><\/a>\n\t\t\t<\/dt><\/dl><dl class='gallery-item'>\n\t\t\t<dt class='gallery-icon portrait'>\n\t\t\t\t<a href='https:\/\/passerelle2.ac-nantes.fr\/labrulatte-lagravelle\/2025\/03\/03\/arc-en-ciel-danatolie\/img_2805\/'><img loading=\"lazy\" decoding=\"async\" width=\"150\" height=\"150\" src=\"https:\/\/passerelle2.ac-nantes.fr\/labrulatte-lagravelle\/wp-content\/uploads\/sites\/96\/2025\/03\/IMG_2805-150x150.jpg\" class=\"attachment-thumbnail size-thumbnail\" alt=\"\" \/><\/a>\n\t\t\t<\/dt><\/dl><br style=\"clear: both\" \/><dl class='gallery-item'>\n\t\t\t<dt class='gallery-icon landscape'>\n\t\t\t\t<a href='https:\/\/passerelle2.ac-nantes.fr\/labrulatte-lagravelle\/2025\/03\/03\/arc-en-ciel-danatolie\/img_2810\/'><img loading=\"lazy\" decoding=\"async\" width=\"150\" height=\"150\" src=\"https:\/\/passerelle2.ac-nantes.fr\/labrulatte-lagravelle\/wp-content\/uploads\/sites\/96\/2025\/03\/IMG_2810-150x150.jpg\" class=\"attachment-thumbnail size-thumbnail\" alt=\"\" \/><\/a>\n\t\t\t<\/dt><\/dl><dl class='gallery-item'>\n\t\t\t<dt class='gallery-icon landscape'>\n\t\t\t\t<a href='https:\/\/passerelle2.ac-nantes.fr\/labrulatte-lagravelle\/2025\/03\/03\/arc-en-ciel-danatolie\/img_2809\/'><img loading=\"lazy\" decoding=\"async\" width=\"150\" height=\"150\" src=\"https:\/\/passerelle2.ac-nantes.fr\/labrulatte-lagravelle\/wp-content\/uploads\/sites\/96\/2025\/03\/IMG_2809-150x150.jpg\" class=\"attachment-thumbnail size-thumbnail\" alt=\"\" \/><\/a>\n\t\t\t<\/dt><\/dl><dl class='gallery-item'>\n\t\t\t<dt class='gallery-icon landscape'>\n\t\t\t\t<a href='https:\/\/passerelle2.ac-nantes.fr\/labrulatte-lagravelle\/2025\/03\/03\/arc-en-ciel-danatolie\/img_2811\/'><img loading=\"lazy\" decoding=\"async\" width=\"150\" height=\"150\" src=\"https:\/\/passerelle2.ac-nantes.fr\/labrulatte-lagravelle\/wp-content\/uploads\/sites\/96\/2025\/03\/IMG_2811-150x150.jpg\" class=\"attachment-thumbnail size-thumbnail\" alt=\"\" \/><\/a>\n\t\t\t<\/dt><\/dl><dl class='gallery-item'>\n\t\t\t<dt class='gallery-icon landscape'>\n\t\t\t\t<a href='https:\/\/passerelle2.ac-nantes.fr\/labrulatte-lagravelle\/2025\/03\/03\/arc-en-ciel-danatolie\/img_2812\/'><img loading=\"lazy\" decoding=\"async\" width=\"150\" height=\"150\" src=\"https:\/\/passerelle2.ac-nantes.fr\/labrulatte-lagravelle\/wp-content\/uploads\/sites\/96\/2025\/03\/IMG_2812-150x150.jpg\" class=\"attachment-thumbnail size-thumbnail\" alt=\"\" \/><\/a>\n\t\t\t<\/dt><\/dl><br style=\"clear: both\" \/>\n\t\t<\/div>\n\n<p>A la fin du spectacle, les musiciens ont fait voler les grands papillons au-dessus de nous.<\/p>\n<div id='gallery-3' class='gallery galleryid-43514 gallery-columns-4 gallery-size-thumbnail'><dl class='gallery-item'>\n\t\t\t<dt class='gallery-icon landscape'>\n\t\t\t\t<a href='https:\/\/passerelle2.ac-nantes.fr\/labrulatte-lagravelle\/2025\/03\/03\/arc-en-ciel-danatolie\/img_2814\/'><img loading=\"lazy\" decoding=\"async\" width=\"150\" height=\"150\" src=\"https:\/\/passerelle2.ac-nantes.fr\/labrulatte-lagravelle\/wp-content\/uploads\/sites\/96\/2025\/03\/IMG_2814-150x150.jpg\" class=\"attachment-thumbnail size-thumbnail\" alt=\"\" \/><\/a>\n\t\t\t<\/dt><\/dl><dl class='gallery-item'>\n\t\t\t<dt class='gallery-icon landscape'>\n\t\t\t\t<a href='https:\/\/passerelle2.ac-nantes.fr\/labrulatte-lagravelle\/2025\/03\/03\/arc-en-ciel-danatolie\/img_2815\/'><img loading=\"lazy\" decoding=\"async\" width=\"150\" height=\"150\" src=\"https:\/\/passerelle2.ac-nantes.fr\/labrulatte-lagravelle\/wp-content\/uploads\/sites\/96\/2025\/03\/IMG_2815-150x150.jpg\" class=\"attachment-thumbnail size-thumbnail\" alt=\"\" \/><\/a>\n\t\t\t<\/dt><\/dl><dl class='gallery-item'>\n\t\t\t<dt class='gallery-icon landscape'>\n\t\t\t\t<a href='https:\/\/passerelle2.ac-nantes.fr\/labrulatte-lagravelle\/2025\/03\/03\/arc-en-ciel-danatolie\/img_2816\/'><img loading=\"lazy\" decoding=\"async\" width=\"150\" height=\"150\" src=\"https:\/\/passerelle2.ac-nantes.fr\/labrulatte-lagravelle\/wp-content\/uploads\/sites\/96\/2025\/03\/IMG_2816-150x150.jpg\" class=\"attachment-thumbnail size-thumbnail\" alt=\"\" \/><\/a>\n\t\t\t<\/dt><\/dl><dl class='gallery-item'>\n\t\t\t<dt class='gallery-icon landscape'>\n\t\t\t\t<a href='https:\/\/passerelle2.ac-nantes.fr\/labrulatte-lagravelle\/2025\/03\/03\/arc-en-ciel-danatolie\/img_2817\/'><img loading=\"lazy\" decoding=\"async\" width=\"150\" height=\"150\" src=\"https:\/\/passerelle2.ac-nantes.fr\/labrulatte-lagravelle\/wp-content\/uploads\/sites\/96\/2025\/03\/IMG_2817-150x150.jpg\" class=\"attachment-thumbnail size-thumbnail\" alt=\"\" \/><\/a>\n\t\t\t<\/dt><\/dl><br style=\"clear: both\" \/>\n\t\t<\/div>\n\n<p>Apr\u00e8s ce beau spectacle, nous avons repris le car pour rentrer \u00e0 l&rsquo;\u00e9cole.<\/p>\n<div id='gallery-4' class='gallery galleryid-43514 gallery-columns-3 gallery-size-thumbnail'><dl class='gallery-item'>\n\t\t\t<dt class='gallery-icon portrait'>\n\t\t\t\t<a href='https:\/\/passerelle2.ac-nantes.fr\/labrulatte-lagravelle\/2025\/03\/03\/arc-en-ciel-danatolie\/img_2818\/'><img loading=\"lazy\" decoding=\"async\" width=\"150\" height=\"150\" src=\"https:\/\/passerelle2.ac-nantes.fr\/labrulatte-lagravelle\/wp-content\/uploads\/sites\/96\/2025\/03\/IMG_2818-150x150.jpg\" class=\"attachment-thumbnail size-thumbnail\" alt=\"\" \/><\/a>\n\t\t\t<\/dt><\/dl><dl class='gallery-item'>\n\t\t\t<dt class='gallery-icon landscape'>\n\t\t\t\t<a href='https:\/\/passerelle2.ac-nantes.fr\/labrulatte-lagravelle\/2025\/03\/03\/arc-en-ciel-danatolie\/img_2819-2\/'><img loading=\"lazy\" decoding=\"async\" width=\"150\" height=\"150\" src=\"https:\/\/passerelle2.ac-nantes.fr\/labrulatte-lagravelle\/wp-content\/uploads\/sites\/96\/2025\/03\/IMG_2819-1-150x150.jpg\" class=\"attachment-thumbnail size-thumbnail\" alt=\"\" \/><\/a>\n\t\t\t<\/dt><\/dl><dl class='gallery-item'>\n\t\t\t<dt class='gallery-icon portrait'>\n\t\t\t\t<a href='https:\/\/passerelle2.ac-nantes.fr\/labrulatte-lagravelle\/2025\/03\/03\/arc-en-ciel-danatolie\/img_2820\/'><img loading=\"lazy\" decoding=\"async\" width=\"150\" height=\"150\" src=\"https:\/\/passerelle2.ac-nantes.fr\/labrulatte-lagravelle\/wp-content\/uploads\/sites\/96\/2025\/03\/IMG_2820-150x150.jpg\" class=\"attachment-thumbnail size-thumbnail\" alt=\"\" \/><\/a>\n\t\t\t<\/dt><\/dl><br style=\"clear: both\" \/>\n\t\t<\/div>\n\n","protected":false},"excerpt":{"rendered":"<p>Le vendredi 28 f\u00e9vrier matin, les deux classes de l&rsquo;\u00e9cole maternelle se sont rendues au th\u00e9\u00e2tre de Laval pour assister au spectacle musical intitul\u00e9 \u00ab\u00a0Arc-en-ciel d&rsquo;Anatolie\u00a0\u00bb dans le cadre des Jeunesses Musicales de France. \u00ab Anatolie \u00bb vient du grec&nbsp;anatol\u00e9&nbsp;et &hellip; <a href=\"https:\/\/passerelle2.ac-nantes.fr\/labrulatte-lagravelle\/2025\/03\/03\/arc-en-ciel-danatolie\/\">Continuer la lecture <span class=\"meta-nav\">&rarr;<\/span><\/a><\/p>\n","protected":false},"author":7877,"featured_media":0,"comment_status":"open","ping_status":"open","sticky":false,"template":"","format":"standard","meta":{"ngg_post_thumbnail":0,"h5ap_radio_sources":[],"_jetpack_newsletter_access":"","_jetpack_dont_email_post_to_subs":false,"_jetpack_newsletter_tier_id":0,"_jetpack_memberships_contains_paywalled_content":false,"_jetpack_memberships_contains_paid_content":false,"footnotes":""},"categories":[240,104,5,244],"tags":[],"post_folder":[],"class_list":["post-43514","post","type-post","status-publish","format-standard","hentry","category-ecole-maternelle","category-tpsps","category-ps-gs","category-spectacles-tpsps"],"jetpack_featured_media_url":"","jetpack_sharing_enabled":true,"jetpack_shortlink":"https:\/\/wp.me\/p8Njox-bjQ","_links":{"self":[{"href":"https:\/\/passerelle2.ac-nantes.fr\/labrulatte-lagravelle\/wp-json\/wp\/v2\/posts\/43514","targetHints":{"allow":["GET"]}}],"collection":[{"href":"https:\/\/passerelle2.ac-nantes.fr\/labrulatte-lagravelle\/wp-json\/wp\/v2\/posts"}],"about":[{"href":"https:\/\/passerelle2.ac-nantes.fr\/labrulatte-lagravelle\/wp-json\/wp\/v2\/types\/post"}],"author":[{"embeddable":true,"href":"https:\/\/passerelle2.ac-nantes.fr\/labrulatte-lagravelle\/wp-json\/wp\/v2\/users\/7877"}],"replies":[{"embeddable":true,"href":"https:\/\/passerelle2.ac-nantes.fr\/labrulatte-lagravelle\/wp-json\/wp\/v2\/comments?post=43514"}],"version-history":[{"count":0,"href":"https:\/\/passerelle2.ac-nantes.fr\/labrulatte-lagravelle\/wp-json\/wp\/v2\/posts\/43514\/revisions"}],"wp:attachment":[{"href":"https:\/\/passerelle2.ac-nantes.fr\/labrulatte-lagravelle\/wp-json\/wp\/v2\/media?parent=43514"}],"wp:term":[{"taxonomy":"category","embeddable":true,"href":"https:\/\/passerelle2.ac-nantes.fr\/labrulatte-lagravelle\/wp-json\/wp\/v2\/categories?post=43514"},{"taxonomy":"post_tag","embeddable":true,"href":"https:\/\/passerelle2.ac-nantes.fr\/labrulatte-lagravelle\/wp-json\/wp\/v2\/tags?post=43514"},{"taxonomy":"post_folder","embeddable":true,"href":"https:\/\/passerelle2.ac-nantes.fr\/labrulatte-lagravelle\/wp-json\/wp\/v2\/post_folder?post=43514"}],"curies":[{"name":"wp","href":"https:\/\/api.w.org\/{rel}","templated":true}]}}